{"id":108056,"date":"2025-10-12T19:42:24","date_gmt":"2025-10-12T19:42:24","guid":{"rendered":"https:\/\/www.europesays.com\/pt\/108056\/"},"modified":"2025-10-12T19:42:24","modified_gmt":"2025-10-12T19:42:24","slug":"tesourinho-diogo-amaral-partilha-fotos-ineditas-do-inicio-da-relacao-com-jessica-athayde-2","status":"publish","type":"post","link":"https:\/\/www.europesays.com\/pt\/108056\/","title":{"rendered":"Tesourinho! Diogo Amaral partilha fotos in\u00e9ditas do in\u00edcio da rela\u00e7\u00e3o com Jessica Athayde"},"content":{"rendered":"<p><a href=\"https:\/\/famashow.pt\/pesquisa?q=Diogo+Amaral\" target=\"_blank\" rel=\"noreferrer noopener nofollow\"><strong>Diogo Amaral<\/strong><\/a> surpreendeu os f\u00e3s este s\u00e1bado, 11 de outubro, ao recorrer \u00e0s redes sociais para partilhar um conjunto de fotografias e v\u00eddeos antigos, guardados desde os primeiros tempos da rela\u00e7\u00e3o com <a href=\"https:\/\/famashow.pt\/pesquisa?q=Jessica+Athayde\" target=\"_blank\" rel=\"noreferrer noopener nofollow\"><strong>Jessica Athayde<\/strong><\/a>. <\/p>\n<p>O ator revelou registos in\u00e9ditos que datam de 2018, ano em que come\u00e7ou a hist\u00f3ria de amor com a atriz. &#8220;\u00c1lbum de fotografias e alguns v\u00eddeos que nunca partilhei\u2026 diz l\u00e1 qual \u00e9 que gostas mais, sff\u201d, escreveu Diogo Amaral na legenda da publica\u00e7\u00e3o. <\/p>\n<p><a href=\"https:\/\/famashow.pt\/famosos\/2025-09-25-diogo-amaral-mostra-rosto-do-filho-mais-velho-em-video-unico-ja-faz-11-anos-4bcc4c4c?utm_source=famashow&amp;utm_medium=search&amp;utm_campaign=WEB&amp;utm_content=\/famosos\/2025-09-25-diogo-amaral-mostra-rosto-do-filho-mais-velho-em-video-unico-ja-faz-11-anos-4bcc4c4c\" target=\"_self\" rel=\"noreferrer noopener nofollow\">Diogo Amaral mostra rosto do filho mais velho em v\u00eddeo \u00fanico: &#8220;J\u00e1 faz 11 anos&#8221;<\/a><\/p>\n<p>Entre os v\u00e1rios registos, destacou-se uma fotografia captada a 2 de fevereiro de 2018, no Aeroporto de Lisboa, onde os dois surgem com pinturas no rosto, um detalhe que o ator fez quest\u00e3o de sublinhar: \u201cChamo a aten\u00e7\u00e3o para as pinturas na cara\u201d, escreveu, com humor.<\/p>\n<p>Segundo Diogo, essa imagem assinala \u201co in\u00edcio da primeira temporada da nossa hist\u00f3ria\u201d, uma refer\u00eancia \u00e0 viagem que o casal fez a Londres e que marcou o arranque de uma rela\u00e7\u00e3o que, apesar de ter passado por altos e baixos, resistiu ao tempo.<\/p>\n<p>O casal, que tem um filho em comum, <strong>Oliver<\/strong>, nascido em 2019, chegou a separar-se durante algum tempo, mas acabou por se reconciliar, tendo-se casado a 23 de novembro de 2024. <\/p>\n","protected":false},"excerpt":{"rendered":"Diogo Amaral surpreendeu os f\u00e3s este s\u00e1bado, 11 de outubro, ao recorrer \u00e0s redes sociais para partilhar um&hellip;\n","protected":false},"author":2,"featured_media":108057,"comment_status":"","ping_status":"","sticky":false,"template":"","format":"standard","meta":{"footnotes":""},"categories":[85],"tags":[114,115,32,33],"class_list":{"0":"post-108056","1":"post","2":"type-post","3":"status-publish","4":"format-standard","5":"has-post-thumbnail","7":"category-entretenimento","8":"tag-entertainment","9":"tag-entretenimento","10":"tag-portugal","11":"tag-pt"},"share_on_mastodon":{"url":"","error":""},"_links":{"self":[{"href":"https:\/\/www.europesays.com\/pt\/wp-json\/wp\/v2\/posts\/108056","targetHints":{"allow":["GET"]}}],"collection":[{"href":"https:\/\/www.europesays.com\/pt\/wp-json\/wp\/v2\/posts"}],"about":[{"href":"https:\/\/www.europesays.com\/pt\/wp-json\/wp\/v2\/types\/post"}],"author":[{"embeddable":true,"href":"https:\/\/www.europesays.com\/pt\/wp-json\/wp\/v2\/users\/2"}],"replies":[{"embeddable":true,"href":"https:\/\/www.europesays.com\/pt\/wp-json\/wp\/v2\/comments?post=108056"}],"version-history":[{"count":0,"href":"https:\/\/www.europesays.com\/pt\/wp-json\/wp\/v2\/posts\/108056\/revisions"}],"wp:featuredmedia":[{"embeddable":true,"href":"https:\/\/www.europesays.com\/pt\/wp-json\/wp\/v2\/media\/108057"}],"wp:attachment":[{"href":"https:\/\/www.europesays.com\/pt\/wp-json\/wp\/v2\/media?parent=108056"}],"wp:term":[{"taxonomy":"category","embeddable":true,"href":"https:\/\/www.europesays.com\/pt\/wp-json\/wp\/v2\/categories?post=108056"},{"taxonomy":"post_tag","embeddable":true,"href":"https:\/\/www.europesays.com\/pt\/wp-json\/wp\/v2\/tags?post=108056"}],"curies":[{"name":"wp","href":"https:\/\/api.w.org\/{rel}","templated":true}]}}