{"id":108060,"date":"2025-10-12T19:46:23","date_gmt":"2025-10-12T19:46:23","guid":{"rendered":"https:\/\/www.europesays.com\/pt\/108060\/"},"modified":"2025-10-12T19:46:23","modified_gmt":"2025-10-12T19:46:23","slug":"projecao-da-catolica-aponta-para-empate-tecnico-em-lisboa-e-no-porto","status":"publish","type":"post","link":"https:\/\/www.europesays.com\/pt\/108060\/","title":{"rendered":"Proje\u00e7\u00e3o da Cat\u00f3lica aponta para empate t\u00e9cnico em Lisboa e no Porto"},"content":{"rendered":"<p>                    (em atualiza\u00e7\u00e3o)<\/p>\n<p>Na capital, o empate \u00e9 absoluto. A candidata da coliga\u00e7\u00e3o do PS\/Livre\/BE\/PAN , Alexandra Leit\u00e3o, surge empatada com o atual presidente da C\u00e2mara, Carlos Moedas. Ambos t\u00eam entre 37 a 42 por cento dos votos, o que em mandatos corresponde a entre seis a nove.<\/p>\n<p>&#13;<br \/>\nEm terceiro lugar surge o PCP, com oito a 11 por cento dos votos e logo de seguida o Chega, com sete a dez por cento, o que significa que podem conseguir entre um a dois mandatos.&#13;\n<\/p>\n<p>&#13;<br \/>\nOs restantes sete candidatos \u00e0 C\u00e2mara Municipal de Lisboa conseguem no m\u00e1ximo um por cento dos votos, de acordo com a proje\u00e7\u00e3o.<br \/>&#13;\n<\/p>\n<p>\nNo Porto, o cen\u00e1rio tamb\u00e9m \u00e9 de empate entre o candidato da coliga\u00e7\u00e3o PSD\/CDS\/IL e o do Partido Socialista, embora com uma pequena vantagem para Pedro Duarte. De acordo com a proje\u00e7\u00e3o, Pedro Duarte tem entre 36 a 40 por cento dos votos e Manuel Pizarro tem entre 33 a 37 por cento, o que em mandatos se traduz a entre cinco a sete.<\/p>\n<p>O Chega surge em terceiro lugar, com seis a nove por cento dos votos, o que permite eleger um mandato.<\/p>\n<p>&#13;<br \/>\nEmpatados com quatro a seis por cento dos votos est\u00e3o o candidato independente Filipe Ara\u00fajo e a candidata da CDU, Diana Ferreira, o que significa que podem eleger at\u00e9 um deputado.&#13;\n<\/p>\n<p>&#13;<br \/>\nEmpate t\u00e9cnico em seis de nove autarquias<br \/>&#13;<br \/>\nA proje\u00e7\u00e3o analisou tamb\u00e9m as autarquias de Coimbra, Braga, Sintra, Vila Nova de Gaia, Faro, Loures e Set\u00fabal. No total, das nove autarquias, a proje\u00e7\u00e3o da Cat\u00f3lica aponta para empate t\u00e9cnico em seis. Para al\u00e9m de Lisboa e Porto, h\u00e1 tamb\u00e9m empate em Braga, Sintra, Vila Nova de Gaia e Set\u00fabal.&#13;\n<\/p>\n<p>Em Coimbra, a proje\u00e7\u00e3o aponta para uma vit\u00f3ria da coliga\u00e7\u00e3o PS\/Livre\/PAN, com 42 a 46 por cento dos votos para a candidata Ana Abrunhosa. Em segundo lugar, com 35 a 39 por cento, surge o candidato da coliga\u00e7\u00e3o PSD\/CDS\/IL\/NC\/PPM\/VP\/MPT, Jos\u00e9 Manuel Silva. O Chega surge em terceiro lugar, com sete a dez por cento dos votos.<\/p>\n<p>Em Faro, a vit\u00f3ria \u00e9 para o candidato do Partido Socialista, Ant\u00f3nio Pina, que obt\u00e9m entre 39 e 44 por cento dos votos. Em segundo lugar, segundo a proje\u00e7\u00e3o, est\u00e1 o candidato da coliga\u00e7\u00e3o PPD\/PSD\/IL\/CDS\/PAN\/MPT, com 32 a 36 por cento dos votos. Em terceiro lugar surge o Chega, com 13 a 16 por cento dos votos.&#13;\n<\/p>\n<p>&#13;<br \/>\nEm Loures, a proje\u00e7\u00e3o d\u00e1 uma nova vit\u00f3ria a Ricardo Le\u00e3o, do PS, que consegue entre 44 a 48 por cento dos votos. Em segundo lugar surge o Chega, com 17 a 20 por cento dos votos. A coliga\u00e7\u00e3o do PSD\/CDS surge em terceiro, com 14 a 17 por cento dos votos.<br \/>&#13;\n<\/p>\n<p>Em Braga, o empate \u00e9 entre o candidato do PS\/PAN, Ant\u00f3nio Braga, e o candidato do PSD\/CDS\/PPM, Jo\u00e3o Rodrigues. Ant\u00f3nio Braga tem ligeira vantagem, com 22 a 26 por cento dos votos. Jo\u00e3o Rodrigues surge logo de seguida, com 20 a 24 por cento dos votos. em terceiro lugar surge o candidato independente Ricardo Silva, com 19 a 23 por cento dos votos.<\/p>\n<p>Em Sintra, o empate \u00e9 entre Marco Almeida (PSD\/IL\/PAN) e Ana Mendes Godinho (PS\/Livre). Marco Almeida surge com 33 a 37 por cento dos votos e a ex-ministra com 32 a 36 por cento. O Chega fica em terceiro, com 19 a 22 por cento dos votos.&#13;\n<\/p>\n<p>Em Vila Nova de Gaia, a proje\u00e7\u00e3o d\u00e1 empate \u00e0 coliga\u00e7\u00e3o do PSD\/CDS\/IL (39 a 43 por cento dos votos) e ao PS (37 a 41 por cento dos votos). Em terceiro surge o Chega, com oito a 12 por cento dos votos.<\/p>\n<p>Em Set\u00fabal, o empate \u00e9 entre a candidata independente Maria das Dores Meira (29 a 34 por cento dos votos) e o candidato socialista, Fernando Jos\u00e9 (27 a 31 por cento dos votos). Em terceiro lugar surge o Chega, com 16 a 21 por cento dos votos.<br \/>&#13;\n<\/p>\n<p>&#13;<br \/>\nFicha t\u00e9cnica&#13;\n<\/p>\n<p>&#13;<br \/>\n<br \/>&#13;<br \/>\nEsta sondagem foi realizada pelo CESOP-Universidade Cat\u00f3lica Portuguesa para a RTP no dia 12 de outubro de 2025. O universo alvo \u00e9 composto pelos votantes nas elei\u00e7\u00f5es Aut\u00e1rquicas no munic\u00edpio. Foram selecionadas cinco freguesias do concelho, de modo a que as m\u00e9dias dos resultados eleitorais das elei\u00e7\u00f5es aut\u00e1rquicas de 2013, 2017 e 2021 nesse conjunto de freguesias (ponderado o n\u00famero de inqu\u00e9ritos a realizar em cada uma) estivessem a menos de 1 ponto percentual dos resultados ao n\u00edvel do concelho de cada uma das cinco listas mais votadas. Os inquiridos foram selecionados aleatoriamente \u00e0 sa\u00edda dos seus locais de voto e foi-lhes pedido uma simula\u00e7\u00e3o de voto em urna. Foram obtidos 3259 inqu\u00e9ritos v\u00e1lidos. A taxa de resposta foi de 79%.<br \/>&#13;<\/p>\n","protected":false},"excerpt":{"rendered":"(em atualiza\u00e7\u00e3o) Na capital, o empate \u00e9 absoluto. A candidata da coliga\u00e7\u00e3o do PS\/Livre\/BE\/PAN , Alexandra Leit\u00e3o, surge&hellip;\n","protected":false},"author":2,"featured_media":108061,"comment_status":"","ping_status":"","sticky":false,"template":"","format":"standard","meta":{"footnotes":""},"categories":[10],"tags":[15187,27,28,10379,2258,15,16,14,25,26,21,22,12,13,19,20,32,23,24,21523,33,17,18,29,30,31],"class_list":{"0":"post-108060","1":"post","2":"type-post","3":"status-publish","4":"format-standard","5":"has-post-thumbnail","7":"category-portugal","8":"tag-autarquicas","9":"tag-breaking-news","10":"tag-breakingnews","11":"tag-catolica","12":"tag-eleicoes","13":"tag-featured-news","14":"tag-featurednews","15":"tag-headlines","16":"tag-latest-news","17":"tag-latestnews","18":"tag-main-news","19":"tag-mainnews","20":"tag-news","21":"tag-noticias","22":"tag-noticias-principais","23":"tag-noticiasprincipais","24":"tag-portugal","25":"tag-principais-noticias","26":"tag-principaisnoticias","27":"tag-projecao","28":"tag-pt","29":"tag-top-stories","30":"tag-topstories","31":"tag-ultimas","32":"tag-ultimas-noticias","33":"tag-ultimasnoticias"},"share_on_mastodon":{"url":"","error":""},"_links":{"self":[{"href":"https:\/\/www.europesays.com\/pt\/wp-json\/wp\/v2\/posts\/108060","targetHints":{"allow":["GET"]}}],"collection":[{"href":"https:\/\/www.europesays.com\/pt\/wp-json\/wp\/v2\/posts"}],"about":[{"href":"https:\/\/www.europesays.com\/pt\/wp-json\/wp\/v2\/types\/post"}],"author":[{"embeddable":true,"href":"https:\/\/www.europesays.com\/pt\/wp-json\/wp\/v2\/users\/2"}],"replies":[{"embeddable":true,"href":"https:\/\/www.europesays.com\/pt\/wp-json\/wp\/v2\/comments?post=108060"}],"version-history":[{"count":0,"href":"https:\/\/www.europesays.com\/pt\/wp-json\/wp\/v2\/posts\/108060\/revisions"}],"wp:featuredmedia":[{"embeddable":true,"href":"https:\/\/www.europesays.com\/pt\/wp-json\/wp\/v2\/media\/108061"}],"wp:attachment":[{"href":"https:\/\/www.europesays.com\/pt\/wp-json\/wp\/v2\/media?parent=108060"}],"wp:term":[{"taxonomy":"category","embeddable":true,"href":"https:\/\/www.europesays.com\/pt\/wp-json\/wp\/v2\/categories?post=108060"},{"taxonomy":"post_tag","embeddable":true,"href":"https:\/\/www.europesays.com\/pt\/wp-json\/wp\/v2\/tags?post=108060"}],"curies":[{"name":"wp","href":"https:\/\/api.w.org\/{rel}","templated":true}]}}