{"id":108062,"date":"2025-10-12T19:47:19","date_gmt":"2025-10-12T19:47:19","guid":{"rendered":"https:\/\/www.europesays.com\/pt\/108062\/"},"modified":"2025-10-12T19:47:19","modified_gmt":"2025-10-12T19:47:19","slug":"sudakov-sem-lesao-grave-benfica","status":"publish","type":"post","link":"https:\/\/www.europesays.com\/pt\/108062\/","title":{"rendered":"Sudakov sem les\u00e3o grave &#8211; Benfica"},"content":{"rendered":"<p>                    03:23<\/p>\n<p>Respons\u00e1veis benfiquistas respiram de al\u00edvio<\/p>\n<p class=\"\">&#13;<br \/>\n        Respirou-se de al\u00edvio no Benfica Campus. A les\u00e3o de Sudakov n\u00e3o \u00e9 grave e, no m\u00e1ximo, o jogador ir\u00e1 falhar a desloca\u00e7\u00e3o a Chaves, sexta-feira, na partida que d\u00e1 o tiro de partida na 3\u00aa eliminat\u00f3ria da Ta\u00e7a de Portugal. Depois de na sexta-feira ter sa\u00eddo mais cedo do jogo da sele\u00e7\u00e3o ucraniana na Isl\u00e2ndia, o m\u00e9dio-ofensivo partilhou ontem uma foto com uma prote\u00e7\u00e3o no ombro esquerdo, o que gerou alguma apreens\u00e3o entre os respons\u00e1veis pelo futebol dos encarnados. &#13;\n    <\/p>\n<p>                        Para ler TODOS OS ARTIGOS RECORD PREMIUM durante o dia 12.10.2025 insira o seu n\u00famero de telem\u00f3vel e clique em OK<\/p>\n<p>Consulte a aplica\u00e7\u00e3o MBway no seu telem\u00f3vel e aceite a transa\u00e7\u00e3o&#13;\n                    <\/p>\n<p>                        Os seus dados n\u00e3o ser\u00e3o guardados pelo Record<\/p>\n<p>                    Por Valter Marques<\/p>\n","protected":false},"excerpt":{"rendered":"03:23 Respons\u00e1veis benfiquistas respiram de al\u00edvio &#13; Respirou-se de al\u00edvio no Benfica Campus. A les\u00e3o de Sudakov n\u00e3o&hellip;\n","protected":false},"author":2,"featured_media":108063,"comment_status":"","ping_status":"","sticky":false,"template":"","format":"standard","meta":{"footnotes":""},"categories":[8],"tags":[27,28,15,16,14,25,26,21,22,12,13,19,20,32,23,24,33,17,18,29,30,31],"class_list":{"0":"post-108062","1":"post","2":"type-post","3":"status-publish","4":"format-standard","5":"has-post-thumbnail","7":"category-principais-noticias","8":"tag-breaking-news","9":"tag-breakingnews","10":"tag-featured-news","11":"tag-featurednews","12":"tag-headlines","13":"tag-latest-news","14":"tag-latestnews","15":"tag-main-news","16":"tag-mainnews","17":"tag-news","18":"tag-noticias","19":"tag-noticias-principais","20":"tag-noticiasprincipais","21":"tag-portugal","22":"tag-principais-noticias","23":"tag-principaisnoticias","24":"tag-pt","25":"tag-top-stories","26":"tag-topstories","27":"tag-ultimas","28":"tag-ultimas-noticias","29":"tag-ultimasnoticias"},"share_on_mastodon":{"url":"","error":""},"_links":{"self":[{"href":"https:\/\/www.europesays.com\/pt\/wp-json\/wp\/v2\/posts\/108062","targetHints":{"allow":["GET"]}}],"collection":[{"href":"https:\/\/www.europesays.com\/pt\/wp-json\/wp\/v2\/posts"}],"about":[{"href":"https:\/\/www.europesays.com\/pt\/wp-json\/wp\/v2\/types\/post"}],"author":[{"embeddable":true,"href":"https:\/\/www.europesays.com\/pt\/wp-json\/wp\/v2\/users\/2"}],"replies":[{"embeddable":true,"href":"https:\/\/www.europesays.com\/pt\/wp-json\/wp\/v2\/comments?post=108062"}],"version-history":[{"count":0,"href":"https:\/\/www.europesays.com\/pt\/wp-json\/wp\/v2\/posts\/108062\/revisions"}],"wp:featuredmedia":[{"embeddable":true,"href":"https:\/\/www.europesays.com\/pt\/wp-json\/wp\/v2\/media\/108063"}],"wp:attachment":[{"href":"https:\/\/www.europesays.com\/pt\/wp-json\/wp\/v2\/media?parent=108062"}],"wp:term":[{"taxonomy":"category","embeddable":true,"href":"https:\/\/www.europesays.com\/pt\/wp-json\/wp\/v2\/categories?post=108062"},{"taxonomy":"post_tag","embeddable":true,"href":"https:\/\/www.europesays.com\/pt\/wp-json\/wp\/v2\/tags?post=108062"}],"curies":[{"name":"wp","href":"https:\/\/api.w.org\/{rel}","templated":true}]}}