{"id":108066,"date":"2025-10-12T19:51:10","date_gmt":"2025-10-12T19:51:10","guid":{"rendered":"https:\/\/www.europesays.com\/pt\/108066\/"},"modified":"2025-10-12T19:51:10","modified_gmt":"2025-10-12T19:51:10","slug":"celso-portiolli-solta-o-verbo-e-promete-rebater-fake-news-video","status":"publish","type":"post","link":"https:\/\/www.europesays.com\/pt\/108066\/","title":{"rendered":"Celso Portiolli solta o verbo e promete rebater fake news; v\u00eddeo"},"content":{"rendered":"<p>Com bom humor, <a href=\"https:\/\/natelinha.uol.com.br\/famosos\/tudo-sobre\/celso-portiolli\" rel=\"nofollow noopener\" target=\"_blank\">Celso Portiolli<\/a> manifestou neste domingo (12) sua inten\u00e7\u00e3o de criar um portal pr\u00f3prio para rebater informa\u00e7\u00f5es que considera falsas ou descontextualizadas. Durante grava\u00e7\u00e3o, o apresentador afirmou que suas declara\u00e7\u00f5es t\u00eam sido publicadas de maneira distorcida e que n\u00e3o h\u00e1 retrata\u00e7\u00e3o quando ele explica os fatos.<\/p>\n<p>continua depois da publicidade<\/p>\n<p>\u201cQualquer hora eu vou colocar de volta, pra rebater as fake news que falam da gente a\u00ed, Igor. Isso mesmo, amigo. Vou rebater as fake news \u2014 agora eu vou ter que ter um portal. Porque quando o pessoal publica uma fake news sobre voc\u00ea e tira tudo de contexto\u201d, declarou Portiolli.<\/p>\n<p>+\u00a0<a href=\"https:\/\/natelinha.uol.com.br\/televisao\/2025\/10\/05\/celso-portiolli-volta-a-cobrar-o-sbt-ao-vivo-arruma-permuta-232212.php\" target=\"_blank\" rel=\"noopener noreferrer nofollow\">Celso Portiolli volta a cobrar o SBT ao vivo: &#8220;Arruma permuta&#8221;<\/a><\/p>\n<p>O apresentador citou ainda o programa Domingo Legal, exibido pelo SBT, e as viagens internacionais promovidas pela atra\u00e7\u00e3o. Segundo ele, a cobertura da imprensa e de redes sociais tem alterado o sentido de suas falas.<\/p>\n<p>continua depois da publicidade<\/p>\n<p>\u201cO Domingo Legal continua fazendo viagens internacionais. Muitas. A\u00ed, quando o pessoal tira de contexto e inventa hist\u00f3rias sobre voc\u00ea, n\u00e3o tem jeito: voc\u00ea precisa ter um portal pra se defender. Porque, quando voc\u00ea fala de forma bonitinha, educada&#8230; Fui l\u00e1 no meu Instagram, falei certinho, expliquei direitinho \u2014 e o que aconteceu? Mudaram o contexto, mudaram as palavras do que eu disse, tiraram tudo de propor\u00e7\u00e3o. E ningu\u00e9m te ouve. Ningu\u00e9m muda nada. Tem que resolver com advogado\u201d, afirmou.<\/p>\n<p>continua depois da publicidade<\/p>\n<p>Celso Portiolli criticou tamb\u00e9m a circula\u00e7\u00e3o de conte\u00fados negativos sem retrata\u00e7\u00e3o, afirmando que informa\u00e7\u00f5es desfavor\u00e1veis s\u00e3o rapidamente compartilhadas.<\/p>\n<p>\u201cA\u00ed, quando voc\u00ea fala alguma coisa aqui, s\u00f3 pra os caras repostarem de novo, eles v\u00e3o l\u00e1 e o que \u00e9 ruim, eles postam tudo, tudo, tudo. Agora, quando \u00e9 retrata\u00e7\u00e3o, ningu\u00e9m faz, n\u00e9? Vou fazer o Portiolli News! Vou colocar 40 milh\u00f5es\u201d, disse.<\/p>\n<p><strong>V\u00eddeo:<\/strong><\/p>\n<blockquote class=\"twitter-tweet\" data-lang=\"pt\" data-width=\"550\" width=\"550\"><p>\n\t\t\t\t\t\t\t\t\t<a href=\"https:\/\/twitter.com\/brenno__moura\/status\/1977423552140779771\" rel=\"nofollow noopener\" target=\"_blank\">brenno__moura<\/a>\n\t\t\t\t\t\t\t   <\/p><\/blockquote>\n<p>Motivo do desabafo<\/p>\n<p><img decoding=\"async\" loading=\"lazy\" class=\"horizontal\" src=\"https:\/\/www.europesays.com\/pt\/wp-content\/uploads\/2025\/10\/sbt-domingo-legal-celso-portiolli-manda-indireta_6172.jpeg\" alt=\"imagem-texto\"\/><\/p>\n<p>O desabafo do apresentador ocorreu ap\u00f3s cr\u00edticas recentes \u00e0 emissora. Na semana passada, durante o quadro Passa ou Repassa, Portiolli comentou sentir falta das viagens internacionais promovidas pelo programa.<\/p>\n<p>continua depois da publicidade<\/p>\n<p>\u201cAquelas viagens internacionais do Domingo Legal podiam voltar, n\u00e9? Estou com saudades daquelas viagens\u2026 \u00a0Arruma permuta e vamos viajar!\u201d, afirmou. A comediante Marlei Cevada, presente no programa, brincou: \u201cLibera o dinheiro a\u00ed!\u201d.<\/p>\n<p>Em setembro, Portiolli j\u00e1 havia cobrado a dire\u00e7\u00e3o do SBT por investimentos prometidos. Ele afirmou, em entrevista ao canal Interven\u00e7\u00e3o, de Roger Turchetti, que o programa, que passou a ter sete horas de dura\u00e7\u00e3o, teria recebido a promessa de maior aporte de recursos.<\/p>\n<p>continua depois da publicidade<\/p>\n<p>\u201cQuero tamb\u00e9m grandes investimentos. Preciso. O que foi prometido para mim para fazer sete horas foi que teria grandes investimentos, ent\u00e3o estamos esperando. \u00c9 um programa longo, caro, a gente tem que ter investimentos. A gente est\u00e1 pedindo e torcendo para que eles atendam os nossos pedidos\u201d, declarou.<\/p>\n<p>O Domingo Legal passou a ter sete horas de exibi\u00e7\u00e3o a partir de meados de 2024, ap\u00f3s a sa\u00edda de Eliana do SBT. Na ocasi\u00e3o, os \u00edndices de audi\u00eancia da atra\u00e7\u00e3o influenciaram a decis\u00e3o da emissora, que mant\u00e9m o programa na vice-lideran\u00e7a no hor\u00e1rio em que \u00e9 exibido.<\/p>\n<p>continua depois da publicidade<\/p>\n<p>                    <script async src=\"https:\/\/platform.twitter.com\/widgets.js\" charset=\"utf-8\"><\/script><\/p>\n","protected":false},"excerpt":{"rendered":"Com bom humor, Celso Portiolli manifestou neste domingo (12) sua inten\u00e7\u00e3o de criar um portal pr\u00f3prio para rebater&hellip;\n","protected":false},"author":2,"featured_media":108067,"comment_status":"","ping_status":"","sticky":false,"template":"","format":"standard","meta":{"footnotes":""},"categories":[142],"tags":[10817,16157,114,115,32,33,151],"class_list":{"0":"post-108066","1":"post","2":"type-post","3":"status-publish","4":"format-standard","5":"has-post-thumbnail","7":"category-tv","8":"tag-celso-portiolli","9":"tag-domingo-legal","10":"tag-entertainment","11":"tag-entretenimento","12":"tag-portugal","13":"tag-pt","14":"tag-tv"},"share_on_mastodon":{"url":"","error":""},"_links":{"self":[{"href":"https:\/\/www.europesays.com\/pt\/wp-json\/wp\/v2\/posts\/108066","targetHints":{"allow":["GET"]}}],"collection":[{"href":"https:\/\/www.europesays.com\/pt\/wp-json\/wp\/v2\/posts"}],"about":[{"href":"https:\/\/www.europesays.com\/pt\/wp-json\/wp\/v2\/types\/post"}],"author":[{"embeddable":true,"href":"https:\/\/www.europesays.com\/pt\/wp-json\/wp\/v2\/users\/2"}],"replies":[{"embeddable":true,"href":"https:\/\/www.europesays.com\/pt\/wp-json\/wp\/v2\/comments?post=108066"}],"version-history":[{"count":0,"href":"https:\/\/www.europesays.com\/pt\/wp-json\/wp\/v2\/posts\/108066\/revisions"}],"wp:featuredmedia":[{"embeddable":true,"href":"https:\/\/www.europesays.com\/pt\/wp-json\/wp\/v2\/media\/108067"}],"wp:attachment":[{"href":"https:\/\/www.europesays.com\/pt\/wp-json\/wp\/v2\/media?parent=108066"}],"wp:term":[{"taxonomy":"category","embeddable":true,"href":"https:\/\/www.europesays.com\/pt\/wp-json\/wp\/v2\/categories?post=108066"},{"taxonomy":"post_tag","embeddable":true,"href":"https:\/\/www.europesays.com\/pt\/wp-json\/wp\/v2\/tags?post=108066"}],"curies":[{"name":"wp","href":"https:\/\/api.w.org\/{rel}","templated":true}]}}