{"id":108068,"date":"2025-10-12T19:54:09","date_gmt":"2025-10-12T19:54:09","guid":{"rendered":"https:\/\/www.europesays.com\/pt\/108068\/"},"modified":"2025-10-12T19:54:09","modified_gmt":"2025-10-12T19:54:09","slug":"mbappe-cristiano-e-o-numero-um-mas-eu-quero-conseguir-o-meu-caminho","status":"publish","type":"post","link":"https:\/\/www.europesays.com\/pt\/108068\/","title":{"rendered":"Mbapp\u00e9: \u00abCristiano \u00e9 o n\u00famero um, mas eu quero conseguir o meu caminho\u00bb"},"content":{"rendered":"<p>Kylian Mbapp\u00e9, franc\u00eas de 26 anos, tem vivido uma arranque de temporada bastante produtivo no Real Madrid. Em dez jogos, o avan\u00e7ado j\u00e1 leva 14 golos e duas assist\u00eancias.<\/p>\n<p>Cumprindo o sonho de representar o Real Madrid, Mbapp\u00e9 voltou a deixar rasgados elogios a Cristiano Ronaldo. O capit\u00e3o portugu\u00eas, como \u00e9 sabido, \u00e9 o \u00eddolo do agora camisola 10 dos \u00abmerengues\u00bb. Um ideia que voltou a refor\u00e7ar<\/p>\n<p>\u00abCristiano sempre foi um modelo e um exemplo para mim. Tenho a sorte de falar com ele e receber conselhos que me ajudaram\u00bb, come\u00e7ou por referir Kylian Mbapp\u00e9 em entrevista \u00e0 Movistar +.\u00a0<\/p>\n<p>O jogador de 26 anos admitiu querer escrever a pr\u00f3pria hist\u00f3ria na capital espanhola. No entanto, reconheceu Ronaldo como a figura do clube, almejando um algum dia chegar perto desse patamar.\u00a0<\/p>\n<p>\u00abPenso que em Madrid Cristiano \u00e9 o n\u00famero um. \u00c9 o jogador refer\u00eancia do Real Madrid. Fez muitas coisas e as pessoas, ainda agora, sonham com Cristiano por todas as coisas que fez. Mas eu quero conseguir o meu caminho por mim e espero que as pessoas sonhem comigo da mesma forma. Poder\u00e1 ser um momento hist\u00f3rico para mim e para o Real Madrid\u00bb, enalteceu.\u00a0<\/p>\n<p>Lionel Messi foi tamb\u00e9m tema de conversa num excerto da entrevista que j\u00e1 foi publicada. Mbapp\u00e9 admitiu nunca ter pensado jogar lado a lado com o argentino, como aconteceu no PSG. O esperado, confessa, seria terem sido rivais.\u00a0<\/p>\n<p>\u00abFoi uma sorte jogar com Messi. Nunca pensei que ia jogar com ele na minha carreira. O meu sonho sempre foi o Real Madrid e n\u00e3o pensava em ir para o Barcelona. Pensava que ele iria ficar a vida toda em Barcelona e eu sabia que poderia ter a oportunidade de jogar contra ele\u00bb, admitiu.\u00a0<\/p>\n<p>As for\u00e7as do destino juntaram os jogadores na capital francesa. Partilharam balne\u00e1rio por duas \u00e9pocas. Tempos de \u00abouro\u00bb como partilha Mbapp\u00e9, que deixou rasgados elogios ao agora jogador do <a href=\"https:\/\/maisfutebol.iol.pt\/mls\/inter-miami\/video-messi-bisa-e-inter-miami-goleia-atlanta-united-de-pedro-amador\" rel=\"nofollow noopener\" target=\"_blank\">Inter Miami<\/a>.\u00a0<\/p>\n<p>\u00abJogar com ele \u00e9 muito especial e eu aprendi muito com ele. Por isso unicamente tenho de agradec\u00ea-lo por isso. Estive com ele por dois anos muito especiais. Ter a sorte de ter um jogador t\u00e3o especial perto de ti para cada jogador \u00e9 uma oportunidade de ouro\u00bb, concluiu.\u00a0<\/p>\n","protected":false},"excerpt":{"rendered":"Kylian Mbapp\u00e9, franc\u00eas de 26 anos, tem vivido uma arranque de temporada bastante produtivo no Real Madrid. Em&hellip;\n","protected":false},"author":2,"featured_media":108069,"comment_status":"","ping_status":"","sticky":false,"template":"","format":"standard","meta":{"footnotes":""},"categories":[87],"tags":[667,135,640,208,82,23673,16658,46,32,33,47,2007,134],"class_list":{"0":"post-108068","1":"post","2":"type-post","3":"status-publish","4":"format-standard","5":"has-post-thumbnail","7":"category-desporto","8":"tag-cristiano-ronaldo","9":"tag-desporto","10":"tag-espanha","11":"tag-franca","12":"tag-internacional","13":"tag-kylian-mbappe","14":"tag-lionel-messi","15":"tag-maisfutebol","16":"tag-portugal","17":"tag-pt","18":"tag-pura-paixao","19":"tag-real-madrid","20":"tag-sports"},"share_on_mastodon":{"url":"","error":""},"_links":{"self":[{"href":"https:\/\/www.europesays.com\/pt\/wp-json\/wp\/v2\/posts\/108068","targetHints":{"allow":["GET"]}}],"collection":[{"href":"https:\/\/www.europesays.com\/pt\/wp-json\/wp\/v2\/posts"}],"about":[{"href":"https:\/\/www.europesays.com\/pt\/wp-json\/wp\/v2\/types\/post"}],"author":[{"embeddable":true,"href":"https:\/\/www.europesays.com\/pt\/wp-json\/wp\/v2\/users\/2"}],"replies":[{"embeddable":true,"href":"https:\/\/www.europesays.com\/pt\/wp-json\/wp\/v2\/comments?post=108068"}],"version-history":[{"count":0,"href":"https:\/\/www.europesays.com\/pt\/wp-json\/wp\/v2\/posts\/108068\/revisions"}],"wp:featuredmedia":[{"embeddable":true,"href":"https:\/\/www.europesays.com\/pt\/wp-json\/wp\/v2\/media\/108069"}],"wp:attachment":[{"href":"https:\/\/www.europesays.com\/pt\/wp-json\/wp\/v2\/media?parent=108068"}],"wp:term":[{"taxonomy":"category","embeddable":true,"href":"https:\/\/www.europesays.com\/pt\/wp-json\/wp\/v2\/categories?post=108068"},{"taxonomy":"post_tag","embeddable":true,"href":"https:\/\/www.europesays.com\/pt\/wp-json\/wp\/v2\/tags?post=108068"}],"curies":[{"name":"wp","href":"https:\/\/api.w.org\/{rel}","templated":true}]}}