{"id":108076,"date":"2025-10-12T20:00:24","date_gmt":"2025-10-12T20:00:24","guid":{"rendered":"https:\/\/www.europesays.com\/pt\/108076\/"},"modified":"2025-10-12T20:00:24","modified_gmt":"2025-10-12T20:00:24","slug":"ps-lidera-primeira-sondagem-no-distrito-de-coimbra-noticias-de-coimbra","status":"publish","type":"post","link":"https:\/\/www.europesays.com\/pt\/108076\/","title":{"rendered":"PS lidera primeira sondagem no distrito de Coimbra \u2013 Not\u00edcias de Coimbra"},"content":{"rendered":"<p><strong>A primeira sondagem conhecida no distrito de Coimbra, pelas 20:00, nestas elei\u00e7\u00f5es aut\u00e1rquicas de 2025 revela uma vantagem do Partido Socialista (PS), que recolhe 42,18% das inten\u00e7\u00f5es de voto.<\/strong><\/p>\n<p>O PPD\/PSD surge como segunda for\u00e7a pol\u00edtica, com 36,60% (892 votos), reduzindo a dist\u00e2ncia para o PS e confirmando uma disputa renhida entre os dois principais partidos.<\/p>\n<p>Em terceiro lugar aparece o Chega (CH), que alcan\u00e7a 6,98% (170 votos), seguido pela coliga\u00e7\u00e3o CDS-PP\/NC, com 6,32% (154 votos).<\/p>\n<p>A coliga\u00e7\u00e3o PCP-PEV regista 2,13% (52 votos), o mesmo valor obtido pela coliga\u00e7\u00e3o PPD\/PSD.CDS-PP.IL, tamb\u00e9m com 2,13% (52 votos).<\/p>\n<p>Os votos em branco representam 2,30% (56 votos), enquanto os votos nulos correspondem a 1,35% (33 votos).<\/p>\n<p>PUBLICIDADE<\/p>\n<p>\t\t\t<a class=\"publicidade-imagem d-flex justify-content-center\" href=\"https:\/\/cm-lousa.pt\/turismo\/festival-gasronomico-sabores-de-outono-2025\/?fbclid=IwY2xjawNV7GdleHRuA2FlbQIxMABicmlkETE3cjhzT0x6aFhQeVY4QWJ6AR4R68QLQ6pLYkmbLNUncCiPXCFfSJDhjHAZnxgRQhNirPDKhmErXPoPnNidqw_aem_N1E2ii1MFvsiGn54yrXgnA\" rel=\"nofollow noopener\" target=\"_blank\"><br \/>\n\t\t\t  <img loading=\"lazy\" decoding=\"async\" width=\"300\" height=\"600\" src=\"https:\/\/www.europesays.com\/pt\/wp-content\/uploads\/2025\/10\/sabores_outono_2025_-.jpg\" alt=\"publicidade\" class=\"img-fluid\"\/><br \/>\n\t\t\t<\/a><\/p>\n","protected":false},"excerpt":{"rendered":"A primeira sondagem conhecida no distrito de Coimbra, pelas 20:00, nestas elei\u00e7\u00f5es aut\u00e1rquicas de 2025 revela uma vantagem&hellip;\n","protected":false},"author":2,"featured_media":108077,"comment_status":"","ping_status":"","sticky":false,"template":"","format":"standard","meta":{"footnotes":""},"categories":[10],"tags":[27,28,15,16,14,25,26,21,22,12,13,19,20,32,23,24,33,17,18,29,30,31],"class_list":{"0":"post-108076","1":"post","2":"type-post","3":"status-publish","4":"format-standard","5":"has-post-thumbnail","7":"category-portugal","8":"tag-breaking-news","9":"tag-breakingnews","10":"tag-featured-news","11":"tag-featurednews","12":"tag-headlines","13":"tag-latest-news","14":"tag-latestnews","15":"tag-main-news","16":"tag-mainnews","17":"tag-news","18":"tag-noticias","19":"tag-noticias-principais","20":"tag-noticiasprincipais","21":"tag-portugal","22":"tag-principais-noticias","23":"tag-principaisnoticias","24":"tag-pt","25":"tag-top-stories","26":"tag-topstories","27":"tag-ultimas","28":"tag-ultimas-noticias","29":"tag-ultimasnoticias"},"share_on_mastodon":{"url":"","error":""},"_links":{"self":[{"href":"https:\/\/www.europesays.com\/pt\/wp-json\/wp\/v2\/posts\/108076","targetHints":{"allow":["GET"]}}],"collection":[{"href":"https:\/\/www.europesays.com\/pt\/wp-json\/wp\/v2\/posts"}],"about":[{"href":"https:\/\/www.europesays.com\/pt\/wp-json\/wp\/v2\/types\/post"}],"author":[{"embeddable":true,"href":"https:\/\/www.europesays.com\/pt\/wp-json\/wp\/v2\/users\/2"}],"replies":[{"embeddable":true,"href":"https:\/\/www.europesays.com\/pt\/wp-json\/wp\/v2\/comments?post=108076"}],"version-history":[{"count":0,"href":"https:\/\/www.europesays.com\/pt\/wp-json\/wp\/v2\/posts\/108076\/revisions"}],"wp:featuredmedia":[{"embeddable":true,"href":"https:\/\/www.europesays.com\/pt\/wp-json\/wp\/v2\/media\/108077"}],"wp:attachment":[{"href":"https:\/\/www.europesays.com\/pt\/wp-json\/wp\/v2\/media?parent=108076"}],"wp:term":[{"taxonomy":"category","embeddable":true,"href":"https:\/\/www.europesays.com\/pt\/wp-json\/wp\/v2\/categories?post=108076"},{"taxonomy":"post_tag","embeddable":true,"href":"https:\/\/www.europesays.com\/pt\/wp-json\/wp\/v2\/tags?post=108076"}],"curies":[{"name":"wp","href":"https:\/\/api.w.org\/{rel}","templated":true}]}}