{"id":108078,"date":"2025-10-12T20:01:11","date_gmt":"2025-10-12T20:01:11","guid":{"rendered":"https:\/\/www.europesays.com\/pt\/108078\/"},"modified":"2025-10-12T20:01:11","modified_gmt":"2025-10-12T20:01:11","slug":"manteigas-na-vitoria-esmagadora-do-benfica-na-casa-do-sporting","status":"publish","type":"post","link":"https:\/\/www.europesays.com\/pt\/108078\/","title":{"rendered":"Manteigas na vit\u00f3ria esmagadora do Benfica na casa do Sporting"},"content":{"rendered":"<p>Jo\u00e3o Diogo Manteigas, candidato \u00e0 presid\u00eancia do Benfica, assistiu ao vivo \u00e0 vit\u00f3ria folgada da equipa de basquetebol dos encarnados diante do Sporting por 103-66. O l\u00edder da candidatura Benfica Vencer\u00e1 marcou presen\u00e7a na bancada destinada aos adeptos visitantes do Pavilh\u00e3o Jo\u00e3o Rocha, casa das modalidades leoninas.<\/p>\n<p>Manteigas apresentou-se acompanhado de um cachecol alusivo \u00e0 candidatura que encabe\u00e7a e esteve \u00e0 conversa com v\u00e1rios benfiquistas. O advogado testemunhou uma vit\u00f3ria indiscut\u00edvel dos comandados de Norberto Alves por 37 pontos de diferen\u00e7a no d\u00e9rbi da segunda jornada do campeonato.<\/p>\n<p>\u00abParab\u00e9ns \u00e0 nossa equipa de basquetbeol por mais uma grande vit\u00f3ria\u00bb, escreveu Jo\u00e3o Diogo Manteigas, em publica\u00e7\u00e3o na rede social X.<\/p>\n<p>Vitor Pataco \u00e9 o vice-presidente para as modalidades da lista entregue por Jo\u00e3o Diogo Manteigas para as elei\u00e7\u00f5es do Benfica, agendadas para 25 de outubro.<\/p>\n","protected":false},"excerpt":{"rendered":"Jo\u00e3o Diogo Manteigas, candidato \u00e0 presid\u00eancia do Benfica, assistiu ao vivo \u00e0 vit\u00f3ria folgada da equipa de basquetebol&hellip;\n","protected":false},"author":2,"featured_media":108079,"comment_status":"","ping_status":"","sticky":false,"template":"","format":"standard","meta":{"footnotes":""},"categories":[8],"tags":[27,28,15,16,14,25,26,21,22,12,13,19,20,32,23,24,33,17,18,29,30,31],"class_list":{"0":"post-108078","1":"post","2":"type-post","3":"status-publish","4":"format-standard","5":"has-post-thumbnail","7":"category-principais-noticias","8":"tag-breaking-news","9":"tag-breakingnews","10":"tag-featured-news","11":"tag-featurednews","12":"tag-headlines","13":"tag-latest-news","14":"tag-latestnews","15":"tag-main-news","16":"tag-mainnews","17":"tag-news","18":"tag-noticias","19":"tag-noticias-principais","20":"tag-noticiasprincipais","21":"tag-portugal","22":"tag-principais-noticias","23":"tag-principaisnoticias","24":"tag-pt","25":"tag-top-stories","26":"tag-topstories","27":"tag-ultimas","28":"tag-ultimas-noticias","29":"tag-ultimasnoticias"},"share_on_mastodon":{"url":"","error":""},"_links":{"self":[{"href":"https:\/\/www.europesays.com\/pt\/wp-json\/wp\/v2\/posts\/108078","targetHints":{"allow":["GET"]}}],"collection":[{"href":"https:\/\/www.europesays.com\/pt\/wp-json\/wp\/v2\/posts"}],"about":[{"href":"https:\/\/www.europesays.com\/pt\/wp-json\/wp\/v2\/types\/post"}],"author":[{"embeddable":true,"href":"https:\/\/www.europesays.com\/pt\/wp-json\/wp\/v2\/users\/2"}],"replies":[{"embeddable":true,"href":"https:\/\/www.europesays.com\/pt\/wp-json\/wp\/v2\/comments?post=108078"}],"version-history":[{"count":0,"href":"https:\/\/www.europesays.com\/pt\/wp-json\/wp\/v2\/posts\/108078\/revisions"}],"wp:featuredmedia":[{"embeddable":true,"href":"https:\/\/www.europesays.com\/pt\/wp-json\/wp\/v2\/media\/108079"}],"wp:attachment":[{"href":"https:\/\/www.europesays.com\/pt\/wp-json\/wp\/v2\/media?parent=108078"}],"wp:term":[{"taxonomy":"category","embeddable":true,"href":"https:\/\/www.europesays.com\/pt\/wp-json\/wp\/v2\/categories?post=108078"},{"taxonomy":"post_tag","embeddable":true,"href":"https:\/\/www.europesays.com\/pt\/wp-json\/wp\/v2\/tags?post=108078"}],"curies":[{"name":"wp","href":"https:\/\/api.w.org\/{rel}","templated":true}]}}