{"id":108090,"date":"2025-10-12T20:19:11","date_gmt":"2025-10-12T20:19:11","guid":{"rendered":"https:\/\/www.europesays.com\/pt\/108090\/"},"modified":"2025-10-12T20:19:11","modified_gmt":"2025-10-12T20:19:11","slug":"acompanhe-aqui-os-resultados-ao-minuto-a-partir-das-20h00","status":"publish","type":"post","link":"https:\/\/www.europesays.com\/pt\/108090\/","title":{"rendered":"Acompanhe aqui os resultados ao minuto a partir das 20h00"},"content":{"rendered":"<p>Hoje, 12 de outubro, os tabuenses votaram nas elei\u00e7\u00f5es aut\u00e1rquicas e decidiram aqueles que v\u00e3o ser os representantes dos v\u00e1rios \u00f3rg\u00e3os aut\u00e1rquicos: C\u00e2mara Municipal, Assembleia Municipal e Uni\u00f5es e Juntas de Freguesia.<\/p>\n<p>Acompanhe aqui os resultados ao minuto:<\/p>\n<p>C\u00e2mara Municipal<\/p>\n<p>Assembleia Municipal<\/p>\n<p><strong>Juntas e Uni\u00f5es de Freguesia<\/strong><\/p>\n<p><strong>\u00c1zere e Covelo<\/strong><br \/>PS \u2013 327 votos<br \/>PSD\/CDS-PP\/IL \u2013 161<br \/>PCP\/PEV- 35<\/p>\n<p><strong>Candosa<br \/><\/strong>PS- 296<br \/>PSD\/CDS-PP\/IL \u2013 81 votos<\/p>\n<p><strong>Carapinha<\/strong><br \/>PS \u2013 184 votos<\/p>\n<p>Covas e Vila Nova de Oliveirinha<\/p>\n<p>Espariz e Sinde<\/p>\n<p><strong>Mid\u00f5es<\/strong><br \/>PS \u2013 491 votos<br \/>PSD\/CDS-PP\/IL \u2013 298 votos<br \/>CHEGA \u2013 200 votos<br \/>PCP- PEV \u2013 8 votos<\/p>\n<p>Mouronho<\/p>\n<p><strong>Pinheiro de Coja e Meda de Mouros<\/strong><br \/>PS-247<br \/>PCP-PEV- 28<\/p>\n<p>P\u00f3voa de Mid\u00f5es<\/p>\n<p><strong>S\u00e3o Jo\u00e3o da Boa Vista<\/strong><br \/>JSJ- 176 votos<br \/>PS \u2013 114 votos<\/p>\n<p>T\u00e1bua<\/p>\n","protected":false},"excerpt":{"rendered":"Hoje, 12 de outubro, os tabuenses votaram nas elei\u00e7\u00f5es aut\u00e1rquicas e decidiram aqueles que v\u00e3o ser os representantes&hellip;\n","protected":false},"author":2,"featured_media":108091,"comment_status":"","ping_status":"","sticky":false,"template":"","format":"standard","meta":{"footnotes":""},"categories":[10],"tags":[27,28,15,16,14,25,26,21,22,12,13,19,20,32,23,24,33,17,18,29,30,31],"class_list":{"0":"post-108090","1":"post","2":"type-post","3":"status-publish","4":"format-standard","5":"has-post-thumbnail","7":"category-portugal","8":"tag-breaking-news","9":"tag-breakingnews","10":"tag-featured-news","11":"tag-featurednews","12":"tag-headlines","13":"tag-latest-news","14":"tag-latestnews","15":"tag-main-news","16":"tag-mainnews","17":"tag-news","18":"tag-noticias","19":"tag-noticias-principais","20":"tag-noticiasprincipais","21":"tag-portugal","22":"tag-principais-noticias","23":"tag-principaisnoticias","24":"tag-pt","25":"tag-top-stories","26":"tag-topstories","27":"tag-ultimas","28":"tag-ultimas-noticias","29":"tag-ultimasnoticias"},"share_on_mastodon":{"url":"","error":""},"_links":{"self":[{"href":"https:\/\/www.europesays.com\/pt\/wp-json\/wp\/v2\/posts\/108090","targetHints":{"allow":["GET"]}}],"collection":[{"href":"https:\/\/www.europesays.com\/pt\/wp-json\/wp\/v2\/posts"}],"about":[{"href":"https:\/\/www.europesays.com\/pt\/wp-json\/wp\/v2\/types\/post"}],"author":[{"embeddable":true,"href":"https:\/\/www.europesays.com\/pt\/wp-json\/wp\/v2\/users\/2"}],"replies":[{"embeddable":true,"href":"https:\/\/www.europesays.com\/pt\/wp-json\/wp\/v2\/comments?post=108090"}],"version-history":[{"count":0,"href":"https:\/\/www.europesays.com\/pt\/wp-json\/wp\/v2\/posts\/108090\/revisions"}],"wp:featuredmedia":[{"embeddable":true,"href":"https:\/\/www.europesays.com\/pt\/wp-json\/wp\/v2\/media\/108091"}],"wp:attachment":[{"href":"https:\/\/www.europesays.com\/pt\/wp-json\/wp\/v2\/media?parent=108090"}],"wp:term":[{"taxonomy":"category","embeddable":true,"href":"https:\/\/www.europesays.com\/pt\/wp-json\/wp\/v2\/categories?post=108090"},{"taxonomy":"post_tag","embeddable":true,"href":"https:\/\/www.europesays.com\/pt\/wp-json\/wp\/v2\/tags?post=108090"}],"curies":[{"name":"wp","href":"https:\/\/api.w.org\/{rel}","templated":true}]}}