{"id":108092,"date":"2025-10-12T20:20:09","date_gmt":"2025-10-12T20:20:09","guid":{"rendered":"https:\/\/www.europesays.com\/pt\/108092\/"},"modified":"2025-10-12T20:20:09","modified_gmt":"2025-10-12T20:20:09","slug":"figura-de-peso-do-futebol-ucraniano-critica-sudakov-e-trubin","status":"publish","type":"post","link":"https:\/\/www.europesays.com\/pt\/108092\/","title":{"rendered":"Figura de peso do futebol ucraniano critica Sudakov e Trubin"},"content":{"rendered":"<p>A presta\u00e7\u00e3o intermitente da Ucr\u00e2nia na qualifica\u00e7\u00e3o europeia para o Campeonato do Mundo de 2026 tem sido alvo de cr\u00edticas e, nem <a target=\"_blank\" class=\"editor-link autolink-enabled\" href=\"https:\/\/www.abola.pt\/futebol\/jogador\/heorhii-sudakov-228169\" data-resource-id=\"228169\" data-resource-type=\"player\" data-sport=\"football\" rel=\"nofollow noopener\">Sudakov<\/a> nem <a target=\"_blank\" class=\"editor-link autolink-enabled\" href=\"https:\/\/www.abola.pt\/futebol\/jogador\/trubin-204164\" data-resource-id=\"204164\" data-resource-type=\"player\" data-sport=\"football\" rel=\"nofollow noopener\">Trubin<\/a> fogem \u00e0 regra. O criativo do Benfica lesionou-se aos 39&#8242; da primeira vit\u00f3ria da turma de leste, na Isl\u00e2ndia (5-3), na sexta-feira, mas nem por isso foi poupado por uma figura de peso no futebol do pa\u00eds.<\/p>\n<p>O antigo jogador e selecionador ucraniano Yozhef Sabo desvalorizou, em entrevista ao portal Blik, a aus\u00eancia de <a class=\"autolink-enabled\" data-resource-id=\"228169\" data-resource-type=\"player\" data-sport=\"football\" href=\"https:\/\/www.abola.pt\/futebol\/jogador\/heorhii-sudakov-228169\" rel=\"nofollow noopener\" target=\"_blank\">Sudakov<\/a> do duelo entre <a class=\"autolink-enabled\" data-resource-id=\"1858\" data-resource-type=\"team\" data-sport=\"football\" href=\"https:\/\/www.abola.pt\/futebol\/ucrania-1858\" rel=\"nofollow noopener\" target=\"_blank\">Ucr\u00e2nia<\/a> e <a class=\"autolink-enabled\" data-resource-id=\"2187\" data-resource-type=\"team\" data-sport=\"football\" href=\"https:\/\/www.abola.pt\/futebol\/azerbaijao-2187\" rel=\"nofollow noopener\" target=\"_blank\">Azerbaij\u00e3o<\/a>, agendado para segunda-feira. \u00abN\u00e3o acho, n\u00e3o o vi contra a Isl\u00e2ndia.\u00bb<\/p>\n<p>O antigo m\u00e9dio do D\u00ednamo Kiev, atualmente com 85 anos, questionou os terrenos ocupados por <a class=\"autolink-enabled\" data-resource-id=\"228169\" data-resource-type=\"player\" data-sport=\"football\" href=\"https:\/\/www.abola.pt\/futebol\/jogador\/heorhii-sudakov-228169\" rel=\"nofollow noopener\" target=\"_blank\">Sudakov<\/a>: \u00abA jogar  a extremo esquerdo devia manter-se na largura, mas ele n\u00e3o faz isso. S\u00f3 esporadicamente.\u00bb O jogador do Benfica, m\u00e9dio ofensivo de origem, tem assumido as despesas do lado esquerdo do ataque ucraniano.<\/p>\n<p>Na Luz, Sudakov j\u00e1 assumiu a posi\u00e7\u00e3o de extremo esquerdo tanto sob a batuta de Bruno Lage, como de Jos\u00e9 Mourinho.<\/p>\n<p><a target=\"_blank\" class=\"editor-link autolink-enabled\" href=\"https:\/\/www.abola.pt\/futebol\/jogador\/heorhii-sudakov-228169\" data-resource-id=\"228169\" data-resource-type=\"player\" data-sport=\"football\" rel=\"nofollow noopener\">Sudakov<\/a>, que sofreu um traumatismo no ombro esquerdo com entorse acromioclavicular ligeira na noite de sexta-feira, em Reiquiavique, e j\u00e1 regressou a Lisboa para iniciar o processo de recupera\u00e7\u00e3o. <a target=\"_blank\" class=\"editor-link autolink-enabled\" href=\"https:\/\/www.abola.pt\/futebol\/jogador\/trubin-204164\" data-resource-id=\"204164\" data-resource-type=\"player\" data-sport=\"football\" rel=\"nofollow noopener\">Trubin<\/a> \u00e9 agora o \u00fanico representante dos encarnados no est\u00e1gio ucraniano,<\/p>\n<p>O guarda-redes do <a target=\"_blank\" class=\"editor-link autolink-enabled\" href=\"https:\/\/www.abola.pt\/futebol\/benfica-450\" data-resource-id=\"450\" data-resource-type=\"team\" data-sport=\"football\" rel=\"nofollow noopener\">Benfica<\/a> ficou mal na fotografia no primeiro golo da <a target=\"_blank\" class=\"editor-link autolink-enabled\" href=\"https:\/\/www.abola.pt\/futebol\/islandia-1327\" data-resource-id=\"1327\" data-resource-type=\"team\" data-sport=\"football\" rel=\"nofollow noopener\">Isl\u00e2ndia<\/a>, mas respondeu com uma mensagem otimista e realista nas redes socias: \u00abUma partida dif\u00edcil &#8211; com erros, emo\u00e7\u00f5es e momentos dif\u00edceis. Mas a equipa mostrou car\u00e1cter. Um passo importante em dire\u00e7\u00e3o ao nosso objetivo comum.\u00bb<\/p>\n<p>Yozhef Sabo n\u00e3o esqueceu o erro de <a class=\"autolink-enabled\" data-resource-id=\"204164\" data-resource-type=\"player\" data-sport=\"football\" href=\"https:\/\/www.abola.pt\/futebol\/jogador\/trubin-204164\" rel=\"nofollow noopener\" target=\"_blank\">Trubin<\/a>, mas n\u00e3o antecipou mudan\u00e7as na baliza ucraniana: \u00abSofrer um golo no canto mais pr\u00f3ximo \u00e9 uma pena para um guarda-redes como o <a class=\"autolink-enabled\" data-resource-id=\"204164\" data-resource-type=\"player\" data-sport=\"football\" href=\"https:\/\/www.abola.pt\/futebol\/jogador\/trubin-204164\" rel=\"nofollow noopener\" target=\"_blank\">Trubin<\/a>. Talvez [Serhiy] Rebrov [selecionador ucraniano] o substitua contra o <a class=\"autolink-enabled\" data-resource-id=\"2187\" data-resource-type=\"team\" data-sport=\"football\" href=\"https:\/\/www.abola.pt\/futebol\/azerbaijao-2187\" rel=\"nofollow noopener\" target=\"_blank\">Azerbaij\u00e3o<\/a>, mas acho que n\u00e3o.\u00bb<\/p>\n<p>O antigo selecionador ucraniano entre 1994 e 1999 questionou a aus\u00eancia de <a target=\"_blank\" class=\"editor-link autolink-enabled\" href=\"https:\/\/www.abola.pt\/futebol\/jogador\/andriy-lunin-160840\" data-resource-id=\"160840\" data-resource-type=\"player\" data-sport=\"football\" rel=\"nofollow noopener\">Andriy Lunin<\/a>, principal concorrente de <a target=\"_blank\" class=\"editor-link autolink-enabled\" href=\"https:\/\/www.abola.pt\/futebol\/jogador\/trubin-204164\" data-resource-id=\"204164\" data-resource-type=\"player\" data-sport=\"football\" rel=\"nofollow noopener\">Trubin<\/a> na luta pela baliza: \u00abN\u00e3o sei o que se passa. Enquanto o <a target=\"_blank\" class=\"editor-link autolink-enabled\" href=\"https:\/\/www.abola.pt\/futebol\/jogador\/thibaut-courtois-1897\" data-resource-id=\"1897\" data-resource-type=\"player\" data-sport=\"football\" rel=\"nofollow noopener\">Courtois<\/a> estiver no <a target=\"_blank\" class=\"editor-link autolink-enabled\" href=\"https:\/\/www.abola.pt\/futebol\/real-madrid-204\" data-resource-id=\"204\" data-resource-type=\"team\" data-sport=\"football\" rel=\"nofollow noopener\">Real Madrid<\/a>, ele n\u00e3o vai jogar. Tem um bom sal\u00e1rio, treina com as estrelas&#8230; N\u00e3o teve confian\u00e7a em si mesmo se n\u00e3o quis sair.\u00bb<\/p>\n","protected":false},"excerpt":{"rendered":"A presta\u00e7\u00e3o intermitente da Ucr\u00e2nia na qualifica\u00e7\u00e3o europeia para o Campeonato do Mundo de 2026 tem sido alvo&hellip;\n","protected":false},"author":2,"featured_media":108093,"comment_status":"","ping_status":"","sticky":false,"template":"","format":"standard","meta":{"footnotes":""},"categories":[8],"tags":[27,28,15,16,14,25,26,21,22,12,13,19,20,32,23,24,33,17,18,29,30,31],"class_list":{"0":"post-108092","1":"post","2":"type-post","3":"status-publish","4":"format-standard","5":"has-post-thumbnail","7":"category-principais-noticias","8":"tag-breaking-news","9":"tag-breakingnews","10":"tag-featured-news","11":"tag-featurednews","12":"tag-headlines","13":"tag-latest-news","14":"tag-latestnews","15":"tag-main-news","16":"tag-mainnews","17":"tag-news","18":"tag-noticias","19":"tag-noticias-principais","20":"tag-noticiasprincipais","21":"tag-portugal","22":"tag-principais-noticias","23":"tag-principaisnoticias","24":"tag-pt","25":"tag-top-stories","26":"tag-topstories","27":"tag-ultimas","28":"tag-ultimas-noticias","29":"tag-ultimasnoticias"},"share_on_mastodon":{"url":"","error":""},"_links":{"self":[{"href":"https:\/\/www.europesays.com\/pt\/wp-json\/wp\/v2\/posts\/108092","targetHints":{"allow":["GET"]}}],"collection":[{"href":"https:\/\/www.europesays.com\/pt\/wp-json\/wp\/v2\/posts"}],"about":[{"href":"https:\/\/www.europesays.com\/pt\/wp-json\/wp\/v2\/types\/post"}],"author":[{"embeddable":true,"href":"https:\/\/www.europesays.com\/pt\/wp-json\/wp\/v2\/users\/2"}],"replies":[{"embeddable":true,"href":"https:\/\/www.europesays.com\/pt\/wp-json\/wp\/v2\/comments?post=108092"}],"version-history":[{"count":0,"href":"https:\/\/www.europesays.com\/pt\/wp-json\/wp\/v2\/posts\/108092\/revisions"}],"wp:featuredmedia":[{"embeddable":true,"href":"https:\/\/www.europesays.com\/pt\/wp-json\/wp\/v2\/media\/108093"}],"wp:attachment":[{"href":"https:\/\/www.europesays.com\/pt\/wp-json\/wp\/v2\/media?parent=108092"}],"wp:term":[{"taxonomy":"category","embeddable":true,"href":"https:\/\/www.europesays.com\/pt\/wp-json\/wp\/v2\/categories?post=108092"},{"taxonomy":"post_tag","embeddable":true,"href":"https:\/\/www.europesays.com\/pt\/wp-json\/wp\/v2\/tags?post=108092"}],"curies":[{"name":"wp","href":"https:\/\/api.w.org\/{rel}","templated":true}]}}