{"id":108096,"date":"2025-10-12T20:27:10","date_gmt":"2025-10-12T20:27:10","guid":{"rendered":"https:\/\/www.europesays.com\/pt\/108096\/"},"modified":"2025-10-12T20:27:10","modified_gmt":"2025-10-12T20:27:10","slug":"liga-feminina-benfica-vence-valadares-em-jogo-cheio-de-peripecias-e-iguala-sporting","status":"publish","type":"post","link":"https:\/\/www.europesays.com\/pt\/108096\/","title":{"rendered":"Liga feminina: Benfica vence Valadares em jogo cheio de perip\u00e9cias e iguala Sporting"},"content":{"rendered":"<p style=\"margin-bottom:11px\">O Benfica venceu na visita ao Valadares Gaia por 4-1, na quarta jornada da Liga feminina, igualando o Sporting no topo da classifica\u00e7\u00e3o.<\/p>\n<p style=\"margin-bottom:11px\">Na manh\u00e3 deste domingo, a avan\u00e7ada Nycole Raysla inaugurou o marcador aos sete minutos, ap\u00f3s assist\u00eancia de cabe\u00e7a de Caroline-Sophie Moller, na sequ\u00eancia de um canto.\u00a0O golo ainda esteve a ser observado pelo VAR, perante um poss\u00edvel fora-de-jogo da brasileira, mas acabou mesmo por ser validado.<\/p>\n<p>Aos 12 minutos, um violento choque de cabe\u00e7as entre Raysla e a guarda-redes do Valadares, Erin Seppi, fez com que a jogadora do Benfica ca\u00edsse desamparada e perdesse os sentidos, saindo de maca, mas j\u00e1 consciente. Por sua vez, Seppi deixou o relvado pelo seu pr\u00f3prio p\u00e9, com a cabe\u00e7a ligada e visivelmente combalida.\u00a0<\/p>\n<p>Ap\u00f3s a paragem para assist\u00eancia m\u00e9dica \u00e0s jogadoras, a partida retomou aos 19 minutos. Pouco depois, as encarnadas dobraram a vantagem, gra\u00e7as a um p\u00e9nalti convertido pela alem\u00e3 Anna Gasper, aos 26 minutos.\u00a0Antes do intervalo, numa primeira parte que teve mais 17 minutos al\u00e9m dos 45 regulamentares, as anfitri\u00e3s reduziram gra\u00e7as ao pen\u00e1lti convertido por Erica Parkinson, de 17 anos, aos 45+16m.<\/p>\n<p>No segundo tempo, as pentacampe\u00e3s nacionais fizeram o 3-1 aos 51 minutos, com a defesa Carole Costa a aproveitar novo pen\u00e1lti. E outro foi assinalado aos 90+4m, quando a avan\u00e7ada Diana Silva foi rasteirada na \u00e1rea. Mais uma vez, Carole Costa converteu.<\/p>\n<p>Pelo meio, aos 73 minutos, a \u00e1rbitra do encontro assinalou um pen\u00e1lti a favor do Benfica por suposta m\u00e3o na bola de Daniela Santos, mas acabou por reverter a decis\u00e3o, ap\u00f3s visualizar o lance no ecr\u00e3, avisada pelo VAR, n\u00e3o havendo irregularidade.<\/p>\n<p>Assim, o Benfica cola-se ao Sporting no topo da classifica\u00e7\u00e3o com dez pontos em quatro jornadas. No calend\u00e1rio das \u00e1guias segue-se a rece\u00e7\u00e3o ao Arsenal (quinta-feira, 20h), na segunda ronda da Champions.<\/p>\n<p>Quanto ao Valadares, segue no quinto lugar com quatro pontos \u2013 igualado com Damaiense e Rio Ave \u2013 e visita o Racing Power (3.\u00ba) a 1 de novembro.<\/p>\n","protected":false},"excerpt":{"rendered":"O Benfica venceu na visita ao Valadares Gaia por 4-1, na quarta jornada da Liga feminina, igualando o&hellip;\n","protected":false},"author":2,"featured_media":108097,"comment_status":"","ping_status":"","sticky":false,"template":"","format":"standard","meta":{"footnotes":""},"categories":[87],"tags":[51,17142,135,2388,46,32,33,47,527,5434,5920,134,25825],"class_list":{"0":"post-108096","1":"post","2":"type-post","3":"status-publish","4":"format-standard","5":"has-post-thumbnail","7":"category-desporto","8":"tag-benfica","9":"tag-benfica-feminino","10":"tag-desporto","11":"tag-futebol-feminino","12":"tag-maisfutebol","13":"tag-portugal","14":"tag-pt","15":"tag-pura-paixao","16":"tag-resultados","17":"tag-resultados-hoje","18":"tag-resultados-maisfutebol","19":"tag-sports","20":"tag-valadares-gaia"},"share_on_mastodon":{"url":"","error":""},"_links":{"self":[{"href":"https:\/\/www.europesays.com\/pt\/wp-json\/wp\/v2\/posts\/108096","targetHints":{"allow":["GET"]}}],"collection":[{"href":"https:\/\/www.europesays.com\/pt\/wp-json\/wp\/v2\/posts"}],"about":[{"href":"https:\/\/www.europesays.com\/pt\/wp-json\/wp\/v2\/types\/post"}],"author":[{"embeddable":true,"href":"https:\/\/www.europesays.com\/pt\/wp-json\/wp\/v2\/users\/2"}],"replies":[{"embeddable":true,"href":"https:\/\/www.europesays.com\/pt\/wp-json\/wp\/v2\/comments?post=108096"}],"version-history":[{"count":0,"href":"https:\/\/www.europesays.com\/pt\/wp-json\/wp\/v2\/posts\/108096\/revisions"}],"wp:featuredmedia":[{"embeddable":true,"href":"https:\/\/www.europesays.com\/pt\/wp-json\/wp\/v2\/media\/108097"}],"wp:attachment":[{"href":"https:\/\/www.europesays.com\/pt\/wp-json\/wp\/v2\/media?parent=108096"}],"wp:term":[{"taxonomy":"category","embeddable":true,"href":"https:\/\/www.europesays.com\/pt\/wp-json\/wp\/v2\/categories?post=108096"},{"taxonomy":"post_tag","embeddable":true,"href":"https:\/\/www.europesays.com\/pt\/wp-json\/wp\/v2\/tags?post=108096"}],"curies":[{"name":"wp","href":"https:\/\/api.w.org\/{rel}","templated":true}]}}