{"id":108098,"date":"2025-10-12T20:28:09","date_gmt":"2025-10-12T20:28:09","guid":{"rendered":"https:\/\/www.europesays.com\/pt\/108098\/"},"modified":"2025-10-12T20:28:09","modified_gmt":"2025-10-12T20:28:09","slug":"santa-catarina-registra-mais-de-55-mil-focos-do-mosquito-da-dengue-no-ano-veja-medidas-de-prevencao-portal-engeplus","status":"publish","type":"post","link":"https:\/\/www.europesays.com\/pt\/108098\/","title":{"rendered":"Santa Catarina registra mais de 55 mil focos do mosquito da dengue no ano; veja medidas de preven\u00e7\u00e3o &#8211; Portal Engeplus"},"content":{"rendered":"<ol>\n<li><a href=\"https:\/\/news.google.com\/rss\/articles\/CBMi3AFBVV95cUxPMU96ZG5vaUhNZ016WlA3RmZzMGZabDVJcUJmZDhBQUg4b096eDVYUHVmaGJ6T0pNSmNoemdkQmtnTzZ1dm1ZQjdtUVFvaGVJTllWbGJ0Y0FGR1pYVjJrUzBmQWNsbWU1eFNjTlhLS2lULUw0RWp0WE5ia09YUmkyMDVZRUtDYzlCM1B0cUdzWUhETnRFZTJ6b2RMLXlnc1lYMWtjd0ZCWVhHX21QeHpZWDRVaVVMRGh3a1dWa0tnZkhiaWhpak05cS1vZ1F1RUdNbGRpemFvM0ZqNk41?oc=5\" target=\"_blank\" rel=\"nofollow noopener\">Santa Catarina registra mais de 55 mil focos do mosquito da dengue no ano; veja medidas de preven\u00e7\u00e3o<\/a>&nbsp;&nbsp;Portal Engeplus<\/li>\n<li><a href=\"https:\/\/news.google.com\/rss\/articles\/CBMijAFBVV95cUxNR3JFcGRMaUlMUGVfRFhVaWNvU1pQN1h2dERIMkpfRXdIdFpPcGNZLVRZSUozUl9md1pYV3FZNGRLSVRWRlgtSmlEeFc5RXFkMTVuN1VuZ3RkM25DNXRjQXc0Q1k5cUNNcDAxNlBzdkZvY0p6eExQd3BsUjJpMEs3Yk4yWUJxRmE4RXk1cA?oc=5\" target=\"_blank\" rel=\"nofollow noopener\">Casos de chikungunya aumentam 552% em 2025 e acendem alerta em SC; 4 mortes foram registradas<\/a>&nbsp;&nbsp;ND Mais<\/li>\n<li><a href=\"https:\/\/news.google.com\/rss\/articles\/CBMivwFBVV95cUxObmpnVXNIaGJLWm11d2szUl9kdFUxMDJvc2pPM2ZEcjNMd0ZnajJIeng1SkwzbHB1ZUE2akJFM3hZZkpaZmc0eVhmUkJaUl9BWjhST3JsUEg2Zm8xOXVZdDQ0cG15a3gyV1MtT1o0UmpVNmtYYWlacnBLZ2FzZ0djdWRoUFp4MDh2VDFMeFdsMnMycW0yUjBmX2RCYTcwM1IzMmlnVVAyanhXdnJxZ2lIUEotREx3c2g2cHVmZWgzSQ?oc=5\" target=\"_blank\" rel=\"nofollow noopener\">Dengue SC: Estado refor\u00e7a intensifica\u00e7\u00e3o das a\u00e7\u00f5es de preven\u00e7\u00e3o no per\u00edodo sazonal de transmiss\u00e3o<\/a>&nbsp;&nbsp;rdmonline.com.br<\/li>\n<li><a href=\"https:\/\/news.google.com\/rss\/articles\/CBMi1AFBVV95cUxPOGtRNUo5VnpvaExQeVJBZFVtVldRQ3JVWWpxSlJzU3VSeTkwTFpGTFUzSkIxOS1HYlZ1SkxTNnR4bmV6LURmcU9vczFaRGdLUnl5OG42bV9XbjN5LVhWMElzbl9ab01KX29icEZVNHk4c3NXWnF1Q05CenBwc19jcDQyb3lHUlRHSkt3OE5haEhuZ0ZGYm9uSVRMb2diT0FYNWwzcXc1cEE0OUhoSUI5NV81VExmeVFIeDk4d3NsODBzSnNYb1U0bWF6Qkx0cXpuLXpwWQ?oc=5\" target=\"_blank\" rel=\"nofollow noopener\">Santa Catarina passa dos 55 mil focos do Aedes aegypti e confirma 20 mortes por dengue em 2025<\/a>&nbsp;&nbsp;Portal Tri Not\u00edcias<\/li>\n<li><a href=\"https:\/\/news.google.com\/rss\/articles\/CBMiuAFBVV95cUxPQVdtWC1GUkRSMVdmQVRqQXhpMmk0dl94LUNuZkxtUkljMkU5NzFaRFNiTjZPZ0p0LWlTYlNUeHZFbjFzdGtSSlI0SzRWaXpkcF9fcEtfdmtvdndJZ2RaSFBGbFZQSjhWTDUySUkwV3k5c0FWNlZWZUtPRkdnT2w0ZF8wWl8tc2ZpMGtkMHhtem1ra0hMd0ZZaVdkUXM4WmlPd1I0ZFFWdEZPRll1OVY2WkcydzFpajc1?oc=5\" target=\"_blank\" rel=\"nofollow noopener\">Santa Catarina registra mais de 55 mil focos do Aedes aegypti<\/a>&nbsp;&nbsp;Tudo Sobre Xanxer\u00ea<\/li>\n<\/ol>\n","protected":false},"excerpt":{"rendered":"Santa Catarina registra mais de 55 mil focos do mosquito da dengue no ano; veja medidas de preven\u00e7\u00e3o&nbsp;&nbsp;Portal&hellip;\n","protected":false},"author":2,"featured_media":108099,"comment_status":"","ping_status":"","sticky":false,"template":"","format":"standard","meta":{"footnotes":""},"categories":[86],"tags":[1891,116,32,33,3801,117],"class_list":{"0":"post-108098","1":"post","2":"type-post","3":"status-publish","4":"format-standard","5":"has-post-thumbnail","7":"category-saude","8":"tag-dengue","9":"tag-health","10":"tag-portugal","11":"tag-pt","12":"tag-santa-catarina","13":"tag-saude"},"share_on_mastodon":{"url":"","error":""},"_links":{"self":[{"href":"https:\/\/www.europesays.com\/pt\/wp-json\/wp\/v2\/posts\/108098","targetHints":{"allow":["GET"]}}],"collection":[{"href":"https:\/\/www.europesays.com\/pt\/wp-json\/wp\/v2\/posts"}],"about":[{"href":"https:\/\/www.europesays.com\/pt\/wp-json\/wp\/v2\/types\/post"}],"author":[{"embeddable":true,"href":"https:\/\/www.europesays.com\/pt\/wp-json\/wp\/v2\/users\/2"}],"replies":[{"embeddable":true,"href":"https:\/\/www.europesays.com\/pt\/wp-json\/wp\/v2\/comments?post=108098"}],"version-history":[{"count":0,"href":"https:\/\/www.europesays.com\/pt\/wp-json\/wp\/v2\/posts\/108098\/revisions"}],"wp:featuredmedia":[{"embeddable":true,"href":"https:\/\/www.europesays.com\/pt\/wp-json\/wp\/v2\/media\/108099"}],"wp:attachment":[{"href":"https:\/\/www.europesays.com\/pt\/wp-json\/wp\/v2\/media?parent=108098"}],"wp:term":[{"taxonomy":"category","embeddable":true,"href":"https:\/\/www.europesays.com\/pt\/wp-json\/wp\/v2\/categories?post=108098"},{"taxonomy":"post_tag","embeddable":true,"href":"https:\/\/www.europesays.com\/pt\/wp-json\/wp\/v2\/tags?post=108098"}],"curies":[{"name":"wp","href":"https:\/\/api.w.org\/{rel}","templated":true}]}}