{"id":108106,"date":"2025-10-12T20:34:11","date_gmt":"2025-10-12T20:34:11","guid":{"rendered":"https:\/\/www.europesays.com\/pt\/108106\/"},"modified":"2025-10-12T20:34:11","modified_gmt":"2025-10-12T20:34:11","slug":"a-cronica-do-sporting-benfica-66-103-aguia-vingou-se-no-leao-basquetebol","status":"publish","type":"post","link":"https:\/\/www.europesays.com\/pt\/108106\/","title":{"rendered":"A cr\u00f3nica do Sporting-Benfica, 66-103: \u00c1guia vingou-se no le\u00e3o &#8211; Basquetebol"},"content":{"rendered":"<p>                    17:57<\/p>\n<p>Encarnados foram ao Jo\u00e3o Rocha curar a ressaca europeia<\/p>\n<p class=\"\">&#13;<br \/>\n        \u00c9 caso para dizer que depois da pesada derrota que o Benfica teve na Liga dos Campe\u00f5es, ante os espanh\u00f3is do Gran Canaria, foi o &#8216;Sporting que pagou as favas&#8217;, com as \u00e1guias a vencerem por claros 103-66, na 2.\u00aa jornada da Liga Betclic.&#13;\n    <\/p>\n<p>                        Para ler TODOS OS ARTIGOS RECORD PREMIUM durante o dia 12.10.2025 insira o seu n\u00famero de telem\u00f3vel e clique em OK<\/p>\n<p>Consulte a aplica\u00e7\u00e3o MBway no seu telem\u00f3vel e aceite a transa\u00e7\u00e3o&#13;\n                    <\/p>\n<p>                        Os seus dados n\u00e3o ser\u00e3o guardados pelo Record<\/p>\n<p>                    Por Duarte Gomes<\/p>\n","protected":false},"excerpt":{"rendered":"17:57 Encarnados foram ao Jo\u00e3o Rocha curar a ressaca europeia &#13; \u00c9 caso para dizer que depois da&hellip;\n","protected":false},"author":2,"featured_media":108107,"comment_status":"","ping_status":"","sticky":false,"template":"","format":"standard","meta":{"footnotes":""},"categories":[8],"tags":[27,28,15,16,14,25,26,21,22,12,13,19,20,32,23,24,33,17,18,29,30,31],"class_list":{"0":"post-108106","1":"post","2":"type-post","3":"status-publish","4":"format-standard","5":"has-post-thumbnail","7":"category-principais-noticias","8":"tag-breaking-news","9":"tag-breakingnews","10":"tag-featured-news","11":"tag-featurednews","12":"tag-headlines","13":"tag-latest-news","14":"tag-latestnews","15":"tag-main-news","16":"tag-mainnews","17":"tag-news","18":"tag-noticias","19":"tag-noticias-principais","20":"tag-noticiasprincipais","21":"tag-portugal","22":"tag-principais-noticias","23":"tag-principaisnoticias","24":"tag-pt","25":"tag-top-stories","26":"tag-topstories","27":"tag-ultimas","28":"tag-ultimas-noticias","29":"tag-ultimasnoticias"},"share_on_mastodon":{"url":"","error":""},"_links":{"self":[{"href":"https:\/\/www.europesays.com\/pt\/wp-json\/wp\/v2\/posts\/108106","targetHints":{"allow":["GET"]}}],"collection":[{"href":"https:\/\/www.europesays.com\/pt\/wp-json\/wp\/v2\/posts"}],"about":[{"href":"https:\/\/www.europesays.com\/pt\/wp-json\/wp\/v2\/types\/post"}],"author":[{"embeddable":true,"href":"https:\/\/www.europesays.com\/pt\/wp-json\/wp\/v2\/users\/2"}],"replies":[{"embeddable":true,"href":"https:\/\/www.europesays.com\/pt\/wp-json\/wp\/v2\/comments?post=108106"}],"version-history":[{"count":0,"href":"https:\/\/www.europesays.com\/pt\/wp-json\/wp\/v2\/posts\/108106\/revisions"}],"wp:featuredmedia":[{"embeddable":true,"href":"https:\/\/www.europesays.com\/pt\/wp-json\/wp\/v2\/media\/108107"}],"wp:attachment":[{"href":"https:\/\/www.europesays.com\/pt\/wp-json\/wp\/v2\/media?parent=108106"}],"wp:term":[{"taxonomy":"category","embeddable":true,"href":"https:\/\/www.europesays.com\/pt\/wp-json\/wp\/v2\/categories?post=108106"},{"taxonomy":"post_tag","embeddable":true,"href":"https:\/\/www.europesays.com\/pt\/wp-json\/wp\/v2\/tags?post=108106"}],"curies":[{"name":"wp","href":"https:\/\/api.w.org\/{rel}","templated":true}]}}