{"id":108109,"date":"2025-10-12T20:38:15","date_gmt":"2025-10-12T20:38:15","guid":{"rendered":"https:\/\/www.europesays.com\/pt\/108109\/"},"modified":"2025-10-12T20:38:15","modified_gmt":"2025-10-12T20:38:15","slug":"maria-cerqueira-gomes-apanha-todos-de-surpresa-com-revelacao-agarrou-se-a-mim-e-disse-noticias-de-hoje-iol","status":"publish","type":"post","link":"https:\/\/www.europesays.com\/pt\/108109\/","title":{"rendered":"Maria Cerqueira Gomes apanha todos de surpresa com revela\u00e7\u00e3o: \u00abAgarrou-se a mim e disse&#8230;\u00bb &#8211; Not\u00edcias de hoje &#8211; IOL"},"content":{"rendered":"<ol>\n<li><a href=\"https:\/\/news.google.com\/rss\/articles\/CBMi1wFBVV95cUxQSnZLcm1GT2ZCTENUaHJIUU1vTVBGMU5USWVKNXQ2VGxpT2V6M3otVUNqclZCcmhYNHpMRTU5YzcwTThoRnNGOHU4bVhQZVRMcW8wRm02ZHBvVjh1Wlg3NkgzcU5hc21LNTFoWUFQa0VMUldtVm1VdzN1MlA1VXRfOGQwOXV4Tkd1blBkeVFvcWVURkQwRHlYRWdwZk5uZS1yWFBfalVFUzhwR3N2Wm4xMF9lcEx6QnV6Y29kS2tZd3dkRWxpMVFwWEM0S2t4WGdwMHMtTHNRWQ?oc=5\" target=\"_blank\" rel=\"nofollow noopener\">Maria Cerqueira Gomes apanha todos de surpresa com revela\u00e7\u00e3o: \u00abAgarrou-se a mim e disse&#8230;\u00bb<\/a>&nbsp;&nbsp;Not\u00edcias de hoje &#8211; IOL<\/li>\n<li><a href=\"https:\/\/news.google.com\/rss\/articles\/CBMikgFBVV95cUxQX0VXRnFjN1FaaXk1bF9zdVU3c3NPUWR6VnBza19zN1dUMVhTSHNPY0tocmF4WDI0N0t4OHk2VXFlNDUzXzNEWk43Z2RmT2p4TFZncEZqVGlnemUwc01xWUtseXdlUzBBaWtyOHRpS2pXaENWZDhTZnJrVWFlQ21NUUxNSnk0SGVnVDBXQkNXb3J4UQ?oc=5\" target=\"_blank\" rel=\"nofollow noopener\">Liliana n\u00e3o vai assumir namoro como F\u00e1bio sem falar com Z\u00e9 tra\u00eddo<\/a>&nbsp;&nbsp;Dioguinho<\/li>\n<li><a href=\"https:\/\/news.google.com\/rss\/articles\/CBMirwFBVV95cUxOR2lqT3duYVhUdXFjY3Y4bWlaVlIySExrMFZqc3V6UjJLSloySjU0eHVEdEdJUnpMZkR0REdJY1NoU3FpdmFfUUozenZoMFppbmtLRjd1Yms1TG5sNklBSUM4em9WeUg3SXZxSDhnaVQxbzJlX3BfYXRlVGxQeVE0YUs3MzVOR3hqd2MzM3FXSWJBZHoyY2pBcXRmUU5tTF9zb3JwMXF6SnhjQ05acjhV0gG0AUFVX3lxTFBxTkJKNElDcUlscjBsLUdvWjRZRkZCbEx0MUpxSmJlY2dsNEpQMldLUlhXb0tRWFQ2UmxRd0VESjk5Tlc5VTlGcjhDM0RzdXdvbTY4cDlaWFZtaHlLZmx2akxYV2Vrc2dGVUJJQnhBcGZJVDNLaHFaSzl6aVU2Yk8tMl80M1VLWXZDMkJydTNZd0p0ZldIX2lyaGEyaG44N2Q4RjI2cVlCRUhQWFBkRzZqQkFyZw?oc=5\" target=\"_blank\" rel=\"nofollow noopener\">Pedro Jorge apanha Liliana e F\u00e1bio na cama e mostra-se chocado com o que v\u00ea: \u201cO que \u00e9 isto?\u201d<\/a>&nbsp;&nbsp;Hiper Fm<\/li>\n<li><a href=\"https:\/\/news.google.com\/rss\/articles\/CBMiuwFBVV95cUxQUE9MQ1YycUl6SnZXVGhlbkpNbXFuRC1tM29nSjhDMjVMVHNxQWtNalZraEQyMy1FRDJYWWtJbW5vci1IMENHTlgzQlpXX0JQTnkybUdBZ3hHdWhrV0Ztd3BqSVV0ODZ5TkFwd0lzRHExNEFESF9HQi1JQ0Q3Z294ZnhLNEJRRV9tVV9mOGFYT1hRaWdkcVdxUGlKV0xJTDZjTDFXaFFwdEFkWUpYNW5UYlBoNzNPTUNLaklZ?oc=5\" target=\"_blank\" rel=\"nofollow noopener\">Casa dos Segredos &#8211; Ui! Liliana recusa-se a fazer &#8220;jogo de casal&#8221;: A rea\u00e7\u00e3o do ex-noivo da concorrente<\/a>&nbsp;&nbsp;tv7dias.pt<\/li>\n<li><a href=\"https:\/\/news.google.com\/rss\/articles\/CBMiuAFBVV95cUxOZkZmcDhFTFY1WGMzbnYtV01TTFAtVjVIdzNpdDlNWHJKcFR1N1p0eTY2ejhyOVNSNWRWVE5xMDUwaTZwcUVPbXFMb0FTbzMyZG1Bc25vWlVPZ0JRMUFlUjV2a3NCOGNrUEVTQUdXX2w5cURqSXdTRmFYQ2VZQzJUMjRQeHY3RExZX25aaTFqbUZrZXJXWDktVDFOV0ozOHc5NWtPOWprV2xrTGFJZ0VjUk9tbVVKMXRZ?oc=5\" target=\"_blank\" rel=\"nofollow noopener\">Casa dos Segredos O motivo que \u2018impede\u2019 Liliana de assumir um namoro com F\u00e1bio<\/a>&nbsp;&nbsp;Portal Impala<\/li>\n<\/ol>\n","protected":false},"excerpt":{"rendered":"Maria Cerqueira Gomes apanha todos de surpresa com revela\u00e7\u00e3o: \u00abAgarrou-se a mim e disse&#8230;\u00bb&nbsp;&nbsp;Not\u00edcias de hoje &#8211; IOL&hellip;\n","protected":false},"author":2,"featured_media":108110,"comment_status":"","ping_status":"","sticky":false,"template":"","format":"standard","meta":{"footnotes":""},"categories":[142],"tags":[114,115,488,18318,13,18471,32,33,151],"class_list":{"0":"post-108109","1":"post","2":"type-post","3":"status-publish","4":"format-standard","5":"has-post-thumbnail","7":"category-tv","8":"tag-entertainment","9":"tag-entretenimento","10":"tag-iol","11":"tag-maria-cerqueira-gomes","12":"tag-noticias","13":"tag-ora-bolas","14":"tag-portugal","15":"tag-pt","16":"tag-tv"},"share_on_mastodon":{"url":"","error":""},"_links":{"self":[{"href":"https:\/\/www.europesays.com\/pt\/wp-json\/wp\/v2\/posts\/108109","targetHints":{"allow":["GET"]}}],"collection":[{"href":"https:\/\/www.europesays.com\/pt\/wp-json\/wp\/v2\/posts"}],"about":[{"href":"https:\/\/www.europesays.com\/pt\/wp-json\/wp\/v2\/types\/post"}],"author":[{"embeddable":true,"href":"https:\/\/www.europesays.com\/pt\/wp-json\/wp\/v2\/users\/2"}],"replies":[{"embeddable":true,"href":"https:\/\/www.europesays.com\/pt\/wp-json\/wp\/v2\/comments?post=108109"}],"version-history":[{"count":0,"href":"https:\/\/www.europesays.com\/pt\/wp-json\/wp\/v2\/posts\/108109\/revisions"}],"wp:featuredmedia":[{"embeddable":true,"href":"https:\/\/www.europesays.com\/pt\/wp-json\/wp\/v2\/media\/108110"}],"wp:attachment":[{"href":"https:\/\/www.europesays.com\/pt\/wp-json\/wp\/v2\/media?parent=108109"}],"wp:term":[{"taxonomy":"category","embeddable":true,"href":"https:\/\/www.europesays.com\/pt\/wp-json\/wp\/v2\/categories?post=108109"},{"taxonomy":"post_tag","embeddable":true,"href":"https:\/\/www.europesays.com\/pt\/wp-json\/wp\/v2\/tags?post=108109"}],"curies":[{"name":"wp","href":"https:\/\/api.w.org\/{rel}","templated":true}]}}