{"id":108121,"date":"2025-10-12T20:47:12","date_gmt":"2025-10-12T20:47:12","guid":{"rendered":"https:\/\/www.europesays.com\/pt\/108121\/"},"modified":"2025-10-12T20:47:12","modified_gmt":"2025-10-12T20:47:12","slug":"autarquicas-2025-atualizacao-ao-minuto-radio-clube-da-covilha","status":"publish","type":"post","link":"https:\/\/www.europesays.com\/pt\/108121\/","title":{"rendered":"Aut\u00e1rquicas 2025 \u2013 atualiza\u00e7\u00e3o ao minuto &#8211; R\u00e1dio Clube da Covilh\u00e3"},"content":{"rendered":"<ol>\n<li><a href=\"https:\/\/news.google.com\/rss\/articles\/CBMiiAFBVV95cUxPR1N3eTZTM0hOc3lBMFA5X1VXSFpDOERXZjM0NXB1b1RUY2s4SEt3VjdTQ09wcEdUaUNVMS05R0NmRlFMZmpzSkRSM1FFZXlWZ2lCeDFoUHZYOTV4ZkRsRGZpT0N5NXNLVThWeFlrZFpzUFBkdHNPcWI4MUlzOEhhY2dRRHBsZHZM?oc=5\" target=\"_blank\" rel=\"nofollow noopener\">Aut\u00e1rquicas 2025 \u2013 atualiza\u00e7\u00e3o ao minuto<\/a>&nbsp;&nbsp;R\u00e1dio Clube da Covilh\u00e3<\/li>\n<li><a href=\"https:\/\/news.google.com\/rss\/articles\/CBMimAFBVV95cUxPaDhQd29pRUJRclZYNkIwV2h4Y2NMN3BBVlhuNXVNLXhMLWVmenU4cGtKZExCWjBWUzdfR2FnNGJCV1VRdkowYVQyMlhBOUd4NWRmNDZkdmpKdkprQ2VGeUVpRFVLbU1kNEFwMVM2V2V4Z0NlQnFQa0cyUi1qc3Q4V2VPQl9wa1ZPLVVNLVl6MkM5V3FEakd0Yg?oc=5\" target=\"_blank\" rel=\"nofollow noopener\">Freguesia de Sobral: Elei\u00e7\u00f5es Aut\u00e1rquicas de Outubro de 2025<\/a>&nbsp;&nbsp;Observador<\/li>\n<li><a href=\"https:\/\/news.google.com\/rss\/articles\/CBMisAFBVV95cUxPRzd0bXlFUjcyaWI2VVBod1B5X01NOC1iX1JpQTZYdUNEU0J4QUNqQ05SMkJqM3pQYXVkeG9yWm1rbXJnVEdueUFnN3ZrRVlGd2ZaZ1F4QW54UDBEdk9rS2hpS0F6T1ROamFodXhkMHRkcFQ1a3R1RWdOMlZFcW5NVENBdWlGWEhGSHlKbWpuV0I1Vkc2TkRVbDZMak92SDM2YkJTZW1TUVdVQy1VbTAtQg?oc=5\" target=\"_blank\" rel=\"nofollow noopener\">Freguesia de Jardim da Serra: Elei\u00e7\u00f5es Aut\u00e1rquicas de Outubro de 2025<\/a>&nbsp;&nbsp;Observador<\/li>\n<li><a href=\"https:\/\/news.google.com\/rss\/articles\/CBMitgFBVV95cUxQWFpoUHlJeFAzWlFMcmNPRmN4aW9ZNHVHYS1vSTBmbmFTMVlabE5xRFRtYjNpa3J4R0RjYTI0Q3Y5ZmJQUkdCSHdjZmVuZVVPSkpldF9SSWhFX2pqQ05zZ1dCR1BoZzFYWlgxRUpsYkh6MWpaWDJyRU5kRU9zUGtmcU5qWFZaRlQwblotSGhXLVJ4YkpGakwydFhWVG9kTlVxczBiZEo0M2hna2tRTnRONWNmYVZvdw?oc=5\" target=\"_blank\" rel=\"nofollow noopener\">Freguesia de Sobral de S\u00e3o Miguel: Elei\u00e7\u00f5es Aut\u00e1rquicas de Outubro de 2025<\/a>&nbsp;&nbsp;Observador<\/li>\n<\/ol>\n","protected":false},"excerpt":{"rendered":"Aut\u00e1rquicas 2025 \u2013 atualiza\u00e7\u00e3o ao minuto&nbsp;&nbsp;R\u00e1dio Clube da Covilh\u00e3 Freguesia de Sobral: Elei\u00e7\u00f5es Aut\u00e1rquicas de Outubro de 2025&nbsp;&nbsp;Observador&hellip;\n","protected":false},"author":2,"featured_media":108122,"comment_status":"","ping_status":"","sticky":false,"template":"","format":"standard","meta":{"footnotes":""},"categories":[10],"tags":[27,28,15,16,14,25,26,21,22,12,13,19,20,32,23,24,33,17,18,29,30,31],"class_list":{"0":"post-108121","1":"post","2":"type-post","3":"status-publish","4":"format-standard","5":"has-post-thumbnail","7":"category-portugal","8":"tag-breaking-news","9":"tag-breakingnews","10":"tag-featured-news","11":"tag-featurednews","12":"tag-headlines","13":"tag-latest-news","14":"tag-latestnews","15":"tag-main-news","16":"tag-mainnews","17":"tag-news","18":"tag-noticias","19":"tag-noticias-principais","20":"tag-noticiasprincipais","21":"tag-portugal","22":"tag-principais-noticias","23":"tag-principaisnoticias","24":"tag-pt","25":"tag-top-stories","26":"tag-topstories","27":"tag-ultimas","28":"tag-ultimas-noticias","29":"tag-ultimasnoticias"},"share_on_mastodon":{"url":"","error":""},"_links":{"self":[{"href":"https:\/\/www.europesays.com\/pt\/wp-json\/wp\/v2\/posts\/108121","targetHints":{"allow":["GET"]}}],"collection":[{"href":"https:\/\/www.europesays.com\/pt\/wp-json\/wp\/v2\/posts"}],"about":[{"href":"https:\/\/www.europesays.com\/pt\/wp-json\/wp\/v2\/types\/post"}],"author":[{"embeddable":true,"href":"https:\/\/www.europesays.com\/pt\/wp-json\/wp\/v2\/users\/2"}],"replies":[{"embeddable":true,"href":"https:\/\/www.europesays.com\/pt\/wp-json\/wp\/v2\/comments?post=108121"}],"version-history":[{"count":0,"href":"https:\/\/www.europesays.com\/pt\/wp-json\/wp\/v2\/posts\/108121\/revisions"}],"wp:featuredmedia":[{"embeddable":true,"href":"https:\/\/www.europesays.com\/pt\/wp-json\/wp\/v2\/media\/108122"}],"wp:attachment":[{"href":"https:\/\/www.europesays.com\/pt\/wp-json\/wp\/v2\/media?parent=108121"}],"wp:term":[{"taxonomy":"category","embeddable":true,"href":"https:\/\/www.europesays.com\/pt\/wp-json\/wp\/v2\/categories?post=108121"},{"taxonomy":"post_tag","embeddable":true,"href":"https:\/\/www.europesays.com\/pt\/wp-json\/wp\/v2\/tags?post=108121"}],"curies":[{"name":"wp","href":"https:\/\/api.w.org\/{rel}","templated":true}]}}