{"id":108123,"date":"2025-10-12T20:48:23","date_gmt":"2025-10-12T20:48:23","guid":{"rendered":"https:\/\/www.europesays.com\/pt\/108123\/"},"modified":"2025-10-12T20:48:23","modified_gmt":"2025-10-12T20:48:23","slug":"ruben-neves-marca-ao-cair-do-pano-e-poe-portugal-com-um-pe-no-mundial-2026-veja-o-golo","status":"publish","type":"post","link":"https:\/\/www.europesays.com\/pt\/108123\/","title":{"rendered":"R\u00faben Neves marca ao cair do pano e p\u00f5e Portugal com um p\u00e9 no Mundial 2026 (veja o golo)"},"content":{"rendered":"<p>Um golo de Ruben Neves, j\u00e1 durante o tempo extra, permitiu \u00e0 sele\u00e7\u00e3o nacional vencer a Rep\u00fablica da Irlanda por 1-0, em jogo da 3.\u00aa jornada do Grupo F de apuramento para o Mundial 2026, realizado este s\u00e1bado, 11 de outubro, no Est\u00e1dio Jos\u00e9 Alvalade.<\/p>\n<p>A equipa das quinas fez um jogo muito abaixo daquilo que era esperado, perante um forte bloco defensivo dos irlandeses.<\/p>\n<p>Ainda assim, as melhores oportunidades foram da equipa das quinas, com destaque para um pen\u00e1lti, aos 75 minutos, que Cristiano Ronaldo desperdi\u00e7ou, permitindo a defesa com um p\u00e9 ao guarda-redes Caoimhin Kelleher.<\/p>\n","protected":false},"excerpt":{"rendered":"Um golo de Ruben Neves, j\u00e1 durante o tempo extra, permitiu \u00e0 sele\u00e7\u00e3o nacional vencer a Rep\u00fablica da&hellip;\n","protected":false},"author":2,"featured_media":108124,"comment_status":"","ping_status":"","sticky":false,"template":"","format":"standard","meta":{"footnotes":""},"categories":[8],"tags":[27,28,15,16,14,25,26,21,22,12632,12,13,19,20,32,23,24,33,25827,5420,17,18,29,30,31],"class_list":{"0":"post-108123","1":"post","2":"type-post","3":"status-publish","4":"format-standard","5":"has-post-thumbnail","7":"category-principais-noticias","8":"tag-breaking-news","9":"tag-breakingnews","10":"tag-featured-news","11":"tag-featurednews","12":"tag-headlines","13":"tag-latest-news","14":"tag-latestnews","15":"tag-main-news","16":"tag-mainnews","17":"tag-mundial-2026","18":"tag-news","19":"tag-noticias","20":"tag-noticias-principais","21":"tag-noticiasprincipais","22":"tag-portugal","23":"tag-principais-noticias","24":"tag-principaisnoticias","25":"tag-pt","26":"tag-republica-da-irlanda","27":"tag-selecao-nacional","28":"tag-top-stories","29":"tag-topstories","30":"tag-ultimas","31":"tag-ultimas-noticias","32":"tag-ultimasnoticias"},"share_on_mastodon":{"url":"","error":""},"_links":{"self":[{"href":"https:\/\/www.europesays.com\/pt\/wp-json\/wp\/v2\/posts\/108123","targetHints":{"allow":["GET"]}}],"collection":[{"href":"https:\/\/www.europesays.com\/pt\/wp-json\/wp\/v2\/posts"}],"about":[{"href":"https:\/\/www.europesays.com\/pt\/wp-json\/wp\/v2\/types\/post"}],"author":[{"embeddable":true,"href":"https:\/\/www.europesays.com\/pt\/wp-json\/wp\/v2\/users\/2"}],"replies":[{"embeddable":true,"href":"https:\/\/www.europesays.com\/pt\/wp-json\/wp\/v2\/comments?post=108123"}],"version-history":[{"count":0,"href":"https:\/\/www.europesays.com\/pt\/wp-json\/wp\/v2\/posts\/108123\/revisions"}],"wp:featuredmedia":[{"embeddable":true,"href":"https:\/\/www.europesays.com\/pt\/wp-json\/wp\/v2\/media\/108124"}],"wp:attachment":[{"href":"https:\/\/www.europesays.com\/pt\/wp-json\/wp\/v2\/media?parent=108123"}],"wp:term":[{"taxonomy":"category","embeddable":true,"href":"https:\/\/www.europesays.com\/pt\/wp-json\/wp\/v2\/categories?post=108123"},{"taxonomy":"post_tag","embeddable":true,"href":"https:\/\/www.europesays.com\/pt\/wp-json\/wp\/v2\/tags?post=108123"}],"curies":[{"name":"wp","href":"https:\/\/api.w.org\/{rel}","templated":true}]}}