{"id":108125,"date":"2025-10-12T20:49:14","date_gmt":"2025-10-12T20:49:14","guid":{"rendered":"https:\/\/www.europesays.com\/pt\/108125\/"},"modified":"2025-10-12T20:49:14","modified_gmt":"2025-10-12T20:49:14","slug":"sempre-aberto-a-novas-descobertas","status":"publish","type":"post","link":"https:\/\/www.europesays.com\/pt\/108125\/","title":{"rendered":"\u201cSempre aberto a novas descobertas\u201d"},"content":{"rendered":"<p><a href=\"https:\/\/famashow.pt\/pesquisa?q=Bruno+Cabrerizo\" target=\"_blank\" rel=\"noreferrer noopener nofollow\"><strong>Bruno Cabrerizo<\/strong><\/a> marcou presen\u00e7a na mais recente edi\u00e7\u00e3o da ModaLisboa e, entre desfiles e conversas, acabou por abrir o cora\u00e7\u00e3o. O ator revelou, em entrevista ao programa Passadeira Vermelha, da SIC Caras, que est\u00e1 atualmente solteiro e disposto a deixar-se surpreender pelo amor.<\/p>\n<p>\u201cSim, o meu cora\u00e7\u00e3o est\u00e1 bem, est\u00e1 apaixonado pelos meus filhos, solteiro. Por\u00e9m, sempre aberto a novas descobertas\u201d, confessou, mostrando-se sereno e feliz com a fase que est\u00e1 a viver.<\/p>\n<p><a href=\"https:\/\/famashow.pt\/famosos\/2025-04-08-lucas-dutra-tem-um-novo-amor--cumplicidade-com-conhecida-atriz-nao-passa-despercebida-e022e214?utm_source=famashow&amp;utm_medium=search&amp;utm_campaign=WEB&amp;utm_content=\/famosos\/2025-04-08-lucas-dutra-tem-um-novo-amor--cumplicidade-com-conhecida-atriz-nao-passa-despercebida-e022e214\" target=\"_self\" rel=\"noreferrer noopener nofollow\">Lucas Dutra tem um novo amor? Cumplicidade com conhecida atriz n\u00e3o passa despercebida<\/a><\/p>\n<p>Bruno, que \u00e9 conhecido pela boa disposi\u00e7\u00e3o e simpatia, n\u00e3o resistiu ainda a brincar com a situa\u00e7\u00e3o. \u201cPor que n\u00e3o? Nunca se sabe o dia de amanh\u00e3. Imagina que me apaixono aqui neste desfile hoje?\u201d, disse, entre risos.<\/p>\n<p>Apesar de estar sozinho, o ator garante que vive uma fase tranquila e equilibrada, centrada na fam\u00edlia e no trabalho. Pai dedicado, Bruno n\u00e3o esconde que o amor pelos filhos \u00e9, neste momento, o mais importante na sua vida.<\/p>\n<p>Cabrerizo, que viveu durante v\u00e1rios anos em It\u00e1lia, contou tamb\u00e9m que deixou esse mercado h\u00e1 cerca de uma d\u00e9cada, mas que Portugal se tornou a sua verdadeira casa. \u201cSou muito feliz aqui em Portugal\u2026 se pudesse trabalhar s\u00f3 em Portugal sempre, assinaria agora\u201d, afirmou.<\/p>\n<p><strong>Veja o v\u00eddeo: <\/strong><\/p>\n","protected":false},"excerpt":{"rendered":"Bruno Cabrerizo marcou presen\u00e7a na mais recente edi\u00e7\u00e3o da ModaLisboa e, entre desfiles e conversas, acabou por abrir&hellip;\n","protected":false},"author":2,"featured_media":108126,"comment_status":"","ping_status":"","sticky":false,"template":"","format":"standard","meta":{"footnotes":""},"categories":[145],"tags":[211,210,114,115,32,33],"class_list":{"0":"post-108125","1":"post","2":"type-post","3":"status-publish","4":"format-standard","5":"has-post-thumbnail","7":"category-celebridades","8":"tag-celebridades","9":"tag-celebrities","10":"tag-entertainment","11":"tag-entretenimento","12":"tag-portugal","13":"tag-pt"},"share_on_mastodon":{"url":"","error":""},"_links":{"self":[{"href":"https:\/\/www.europesays.com\/pt\/wp-json\/wp\/v2\/posts\/108125","targetHints":{"allow":["GET"]}}],"collection":[{"href":"https:\/\/www.europesays.com\/pt\/wp-json\/wp\/v2\/posts"}],"about":[{"href":"https:\/\/www.europesays.com\/pt\/wp-json\/wp\/v2\/types\/post"}],"author":[{"embeddable":true,"href":"https:\/\/www.europesays.com\/pt\/wp-json\/wp\/v2\/users\/2"}],"replies":[{"embeddable":true,"href":"https:\/\/www.europesays.com\/pt\/wp-json\/wp\/v2\/comments?post=108125"}],"version-history":[{"count":0,"href":"https:\/\/www.europesays.com\/pt\/wp-json\/wp\/v2\/posts\/108125\/revisions"}],"wp:featuredmedia":[{"embeddable":true,"href":"https:\/\/www.europesays.com\/pt\/wp-json\/wp\/v2\/media\/108126"}],"wp:attachment":[{"href":"https:\/\/www.europesays.com\/pt\/wp-json\/wp\/v2\/media?parent=108125"}],"wp:term":[{"taxonomy":"category","embeddable":true,"href":"https:\/\/www.europesays.com\/pt\/wp-json\/wp\/v2\/categories?post=108125"},{"taxonomy":"post_tag","embeddable":true,"href":"https:\/\/www.europesays.com\/pt\/wp-json\/wp\/v2\/tags?post=108125"}],"curies":[{"name":"wp","href":"https:\/\/api.w.org\/{rel}","templated":true}]}}