{"id":108127,"date":"2025-10-12T20:51:13","date_gmt":"2025-10-12T20:51:13","guid":{"rendered":"https:\/\/www.europesays.com\/pt\/108127\/"},"modified":"2025-10-12T20:51:13","modified_gmt":"2025-10-12T20:51:13","slug":"no-dia-nacional-da-leitura-conheca-3-livros-nacionais-para-gostar-de-ler","status":"publish","type":"post","link":"https:\/\/www.europesays.com\/pt\/108127\/","title":{"rendered":"No Dia Nacional da Leitura, conhe\u00e7a 3 livros nacionais para gostar de ler"},"content":{"rendered":"<p>Neste domingo, dia 12 de outubro, \u00e9 comemorado o<strong> Dia Nacional da Leitura<\/strong>, um dia de conscientiza\u00e7\u00e3o sobre a import\u00e2ncia do h\u00e1bito de ler e da valoriza\u00e7\u00e3o da literatura nacional. De acordo com a pesquisa Retratos da Leitura no Brasil 2024, conduzida pelo instituto Ipec, cerca de 53% dos brasileiros declararam <a href=\"https:\/\/veja.abril.com.br\/comportamento\/nova-pesquisa-mostra-que-brasileiros-estao-cada-vez-mais-afastados-da-leitura\/\" target=\"_blank\" rel=\"noopener nofollow\">n\u00e3o ter folheado nenhum livro<\/a> nos tr\u00eas meses anteriores ao question\u00e1rio. Na \u00faltima d\u00e9cada, tamb\u00e9m de acordo com a pesquisa, o Brasil perdeu mais de 11 milh\u00f5es de leitores, que admitem ter se afastado do h\u00e1bito por falta de interesse ou paci\u00eancia (45% dos entrevistados) ou por terem prefer\u00eancia por atividades on-line (12% dos entrevistados).<\/p>\n<p>Pensando na data e nesse dado desafiador de nosso pa\u00eds, <strong>VEJA<\/strong> separou tr\u00eas livros nacionais que podem ajudar a tornar o processo de leitura mais prazeroso. Tratam-se de hist\u00f3rias instigantes, identific\u00e1veis e f\u00e1ceis de ler, al\u00e9m de terem em suas p\u00e1ginas um panorama fiel e interessante sobre os dramas de nosso pa\u00eds. Confira:<\/p>\n<p>    <img loading=\"lazy\" decoding=\"async\" class=\"wp-image-4984039 size-medium\" src=\"https:\/\/www.europesays.com\/pt\/wp-content\/uploads\/2025\/10\/Capitaes-da-Areia.jpg\" border=\"0\" alt=\"Capa do livro 'Capit\u00e3es da Areia'\" title=\"Capit\u00e3es da Areia\" width=\"208\" height=\"300\" data-restrict=\"false\" data-portal-copyright=\"Companhia de Bolso\" data-image-caption=\"Capa do livro 'Capit\u00e3es da Areia'\" data-image-title=\"\" data-image-source=\"Reprodu\u00e7\u00e3o\"\/><br \/>\n     Capa do livro \u2018Capit\u00e3es da Areia\u2019 (Companhia de Bolso\/Reprodu\u00e7\u00e3o)<\/p>\n<p>Capit\u00e3es da Areia, de Jorge Amado<\/p>\n<p>A cidade de Salvador \u00e9 aterrorizada por um grupo de menores infratores conhecidos como Capit\u00e3es da Areia. Associados a libertinagem, as crian\u00e7as e adolescentes habitam um trapiche abandonado e tentam sobreviver \u00e0 neglig\u00eancia estatal. Ao longo de todo o romance, o leitor pode conhecer mais a fundo as camadas e nuances de cada personagem do grupo, que est\u00e1 longe de ser apenas uma jun\u00e7\u00e3o de pequenos criminosos. O grupo \u00e9 formado por Pedro Bala, filho de grevista e de personalidade forte e l\u00edder, Professor, um dos \u00fanicos alfabetizados da trupe e apaixonado por leitura, Pirulito, cuja f\u00e9 inabal\u00e1vel \u00e9 sua marca registrada, e Sem Pernas, um menino com defici\u00eancia que nutre \u00f3dio pela pol\u00edcia e se posiciona contra as injusti\u00e7as sociais. Suas aventuras e trajet\u00f3rias s\u00e3o apresentadas com sensibilidade por Jorge Amado, que transforma a inf\u00e2ncia em palco de discuss\u00f5es pol\u00edticas e sociais importantes.<\/p>\n<p>    <img loading=\"lazy\" decoding=\"async\" class=\"wp-image-5929938 size-medium\" src=\"https:\/\/www.europesays.com\/pt\/wp-content\/uploads\/2025\/10\/a-vida-invisivel-de-euridice-gusmao.jpg\" border=\"0\" alt=\"Capa do livro 'A Vida Invis\u00edvel de Eur\u00eddice Gusm\u00e3o'\" title=\"a-vida-invisivel-de-euridice-gusmao\" width=\"200\" height=\"300\" data-restrict=\"false\" data-portal-copyright=\"Companhia das Letras\" data-image-caption=\"Capa do livro 'A Vida Invis\u00edvel de Eur\u00eddice Gusm\u00e3o' \" data-image-title=\"\" data-image-source=\"Reprodu\u00e7\u00e3o\"\/><br \/>\n     Capa do livro \u2018A Vida Invis\u00edvel de Eur\u00eddice Gusm\u00e3o\u2019 (Companhia das Letras\/Reprodu\u00e7\u00e3o)<\/p>\n<p>    Continua ap\u00f3s a publicidade<\/p>\n<p>A Vida Invis\u00edvel de Eur\u00eddice Gusm\u00e3o, de Martha Batalha<\/p>\n<p>Publicado pela Companhia das Letras em 2016, o livro se passa no Rio de Janeiro dos anos 1940. As irm\u00e3s Guida e Eur\u00eddice Gusm\u00e3o vivem uma vida simples em uma casa cuja estrutura patriarcal prevalece: a m\u00e3e trabalha nos afazeres dom\u00e9sticos e o pai garante o sustento financeiro da casa. Submetidas a uma cria\u00e7\u00e3o machista, Guida e Eur\u00eddice t\u00eam de se contentar com uma vida dom\u00e9stica e sem ambi\u00e7\u00f5es. Por\u00e9m, a rotina pacata da fam\u00edlia Gusm\u00e3o vai mudar depois que Guida desaparece, consequ\u00eancia de escolhas contr\u00e1rias aos princ\u00edpios da fam\u00edlia. A partir desse fato, a vida de todos no entorno das irm\u00e3s ir\u00e1 ganhar espa\u00e7o, tornando-se uma narrativa sobre as agruras do patriarcado mas celebra a intelig\u00eancia de personagens que, mesmo sob condi\u00e7\u00f5es sociais adversas, cont\u00e9m hist\u00f3rias pra l\u00e1 de interessantes, contadas por meio da escrita leve, inteligente e muito envolvente de Martha Batalha. O livro ainda deu origem ao filme Vida Invis\u00edvel, dirigido por\u00a0Karim A\u00efnouz\u00a0e protagonizado por Carol Duarte e Julia Stockler.<\/p>\n<p>    <img loading=\"lazy\" decoding=\"async\" class=\"wp-image-5929935 size-medium\" src=\"https:\/\/www.europesays.com\/pt\/wp-content\/uploads\/2025\/10\/olhai-os-lirios-do-campo.jpg\" border=\"0\" alt=\"Capa de 'Olhai os L\u00edrios do Campo', de Erico Verissimo\" title=\"olhai-os-lirios-do-campo\" width=\"200\" height=\"300\" data-restrict=\"false\" data-portal-copyright=\"Companhia das Letras\" data-image-caption=\"Capa de 'Olhai os L\u00edrios do Campo', de Erico Verissimo\" data-image-title=\"\" data-image-source=\"Reprodu\u00e7\u00e3o\"\/><br \/>\n     Capa de \u2018Olhai os L\u00edrios do Campo\u2019, de Erico Verissimo (Companhia das Letras\/Reprodu\u00e7\u00e3o)<\/p>\n<p>Olhai os L\u00edrios do Campo, de Erico Verissimo<\/p>\n<p>Triste e sagaz ao mesmo tempo, o livro conta a hist\u00f3ria de Eug\u00eanio Pontes, que nasce em uma fam\u00edlia humilde mas tem o desejo de ascender socialmente. Quando mais velho, entra na faculdade de medicina, acreditando que a profiss\u00e3o lhe trar\u00e1 riqueza, e se casa por interesse para completar o ciclo. Enquanto se esfor\u00e7a para atingir seus objetivos, deixa para tr\u00e1s amigos verdadeiros que fez ao longo do caminho, e perdendo o senso de humanidade que o of\u00edcio de m\u00e9dico lhe pede. Por meio de suas escolhas, nem sempre acertadas, Eug\u00eanio vai se dando conta do que realmente importa.\u00a0Primeiro best-seller de Erico Verissimo,\u00a0o livro \u00e9 atemporal \u00e0 medida que encontra terreno em temas universais como a vontade de ascens\u00e3o social, amor e amizade.<\/p>\n<p>    Continua ap\u00f3s a publicidade<\/p>\n<p>Acompanhe not\u00edcias e dicas culturais nos blogs a seguir:<\/p>\n<ul>\n<li><a href=\"https:\/\/veja.abril.com.br\/coluna\/tela-plana\" target=\"_blank\" rel=\"noopener nofollow\">Tela Plana<\/a> para novidades da TV e do streaming<\/li>\n<li><a href=\"https:\/\/veja.abril.com.br\/coluna\/o-som-e-a-furia\/\" target=\"_blank\" rel=\"noopener nofollow\">O Som e a F\u00faria<\/a> sobre artistas e lan\u00e7amentos musicais<br \/><a href=\"https:\/\/veja.abril.com.br\/coluna\/em-cartaz\/\" target=\"_blank\" rel=\"noopener nofollow\"><\/li>\n<li><a href=\"https:\/\/veja.abril.com.br\/coluna\/em-cartaz\/\" target=\"_blank\" rel=\"noopener nofollow\">Em Cartaz<\/a> traz dicas de filmes no cinema e no streaming<\/li>\n<li><a href=\"https:\/\/veja.abril.com.br\/noticias-sobre\/livro\" target=\"_blank\" rel=\"noopener nofollow\">Livros<\/a> para not\u00edcias sobre literatura e mercado editorial<\/li>\n<\/ul>\n","protected":false},"excerpt":{"rendered":"Neste domingo, dia 12 de outubro, \u00e9 comemorado o Dia Nacional da Leitura, um dia de conscientiza\u00e7\u00e3o sobre&hellip;\n","protected":false},"author":2,"featured_media":108128,"comment_status":"","ping_status":"","sticky":false,"template":"","format":"standard","meta":{"footnotes":""},"categories":[143],"tags":[169,114,115,170,32,33],"class_list":{"0":"post-108127","1":"post","2":"type-post","3":"status-publish","4":"format-standard","5":"has-post-thumbnail","7":"category-livros","8":"tag-books","9":"tag-entertainment","10":"tag-entretenimento","11":"tag-livros","12":"tag-portugal","13":"tag-pt"},"share_on_mastodon":{"url":"","error":""},"_links":{"self":[{"href":"https:\/\/www.europesays.com\/pt\/wp-json\/wp\/v2\/posts\/108127","targetHints":{"allow":["GET"]}}],"collection":[{"href":"https:\/\/www.europesays.com\/pt\/wp-json\/wp\/v2\/posts"}],"about":[{"href":"https:\/\/www.europesays.com\/pt\/wp-json\/wp\/v2\/types\/post"}],"author":[{"embeddable":true,"href":"https:\/\/www.europesays.com\/pt\/wp-json\/wp\/v2\/users\/2"}],"replies":[{"embeddable":true,"href":"https:\/\/www.europesays.com\/pt\/wp-json\/wp\/v2\/comments?post=108127"}],"version-history":[{"count":0,"href":"https:\/\/www.europesays.com\/pt\/wp-json\/wp\/v2\/posts\/108127\/revisions"}],"wp:featuredmedia":[{"embeddable":true,"href":"https:\/\/www.europesays.com\/pt\/wp-json\/wp\/v2\/media\/108128"}],"wp:attachment":[{"href":"https:\/\/www.europesays.com\/pt\/wp-json\/wp\/v2\/media?parent=108127"}],"wp:term":[{"taxonomy":"category","embeddable":true,"href":"https:\/\/www.europesays.com\/pt\/wp-json\/wp\/v2\/categories?post=108127"},{"taxonomy":"post_tag","embeddable":true,"href":"https:\/\/www.europesays.com\/pt\/wp-json\/wp\/v2\/tags?post=108127"}],"curies":[{"name":"wp","href":"https:\/\/api.w.org\/{rel}","templated":true}]}}