{"id":108131,"date":"2025-10-12T20:53:09","date_gmt":"2025-10-12T20:53:09","guid":{"rendered":"https:\/\/www.europesays.com\/pt\/108131\/"},"modified":"2025-10-12T20:53:09","modified_gmt":"2025-10-12T20:53:09","slug":"radio-capinzal-capinzal-relembra-os-11-anos-do-falecimento-de-ademir-pedro-belotto-icone-da-comunicacao-regional","status":"publish","type":"post","link":"https:\/\/www.europesays.com\/pt\/108131\/","title":{"rendered":"R\u00e1dio Capinzal &#8211; Capinzal relembra os 11 anos do falecimento de Ademir Pedro Belotto, \u00edcone da comunica\u00e7\u00e3o regional"},"content":{"rendered":"<p style=\"text-align: justify;\">H\u00e1 11 anos, Capinzal e toda a regi\u00e3o do<br \/>\nMeio-Oeste se despediam de um dos maiores comunicadores da hist\u00f3ria local: Ademir<br \/>\nPedro Belotto, que faleceu no dia 12 de outubro de 2014, aos 58 anos.<br \/>\n\u00a0\n<\/p>\n<p style=\"text-align: justify;\">Diretor da R\u00e1dio Capinzal (hoje Capinzal FM) e do Jornal A<br \/>\nSemana, Belotto foi um apaixonado pelo r\u00e1dio, pela not\u00edcia e pela comunidade<br \/>\nque serviu com \u00e9tica, dedica\u00e7\u00e3o e amor.<br \/>\n\u00a0\n<\/p>\n<p style=\"text-align: justify;\">Sua trajet\u00f3ria come\u00e7ou ainda jovem, aos 17<br \/>\nanos, na R\u00e1dio Ca\u00e7anjur\u00ea de Ca\u00e7ador, passando pela R\u00e1dio Catarinense de Joa\u00e7aba<br \/>\ne, em 1987, assumindo a dire\u00e7\u00e3o da R\u00e1dio Capinzal, onde construiu uma hist\u00f3ria<br \/>\nde 26 anos de trabalho intenso e comprometido com a verdade e a informa\u00e7\u00e3o de<br \/>\nqualidade.<br \/>\n\u00a0\n<\/p>\n<p style=\"text-align: justify;\">Dono de uma voz marcante e presen\u00e7a \u00edmpar,<br \/>\nBelotto cobriu acontecimentos que marcaram gera\u00e7\u00f5es e ajudou a contar a<br \/>\nhist\u00f3ria de Capinzal, Ouro e regi\u00e3o. Em 2001, foi reconhecido pela ACAERT como<br \/>\no maior locutor noticiarista de Santa Catarina, uma das muitas homenagens<br \/>\nrecebidas ao longo da carreira.<br \/>\n\u00a0\n<\/p>\n<p style=\"text-align: justify;\">Belotto tamb\u00e9m teve papel fundamental na<br \/>\nmobiliza\u00e7\u00e3o comunit\u00e1ria que resultou na constru\u00e7\u00e3o da sede pr\u00f3pria do Corpo de Bombeiros Militar de<br \/>\nCapinzal \u2014 obra que hoje leva o seu nome, como homenagem p\u00f3stuma ao seu legado e dedica\u00e7\u00e3o \u00e0 comunidade.<br \/>\n\u00a0\n<\/p>\n<p style=\"text-align: justify;\">Hoje, a lembran\u00e7a de Ademir Pedro Belotto<br \/>\nsegue viva \u2014 n\u00e3o apenas nos microfones que um dia comandou, mas no cora\u00e7\u00e3o de<br \/>\ntodos que tiveram o privil\u00e9gio de ouvi-lo, trabalhar ao seu lado e aprender com<br \/>\nsua paix\u00e3o pela comunica\u00e7\u00e3o.<br \/>\n\u00a0\n<\/p>\n<p style=\"text-align: justify;\">Seu legado permanece como inspira\u00e7\u00e3o e<br \/>\nexemplo de profissionalismo, amizade e amor pela nossa terra.<\/p>\n","protected":false},"excerpt":{"rendered":"H\u00e1 11 anos, Capinzal e toda a regi\u00e3o do Meio-Oeste se despediam de um dos maiores comunicadores da&hellip;\n","protected":false},"author":2,"featured_media":108132,"comment_status":"","ping_status":"","sticky":false,"template":"","format":"standard","meta":{"footnotes":""},"categories":[141],"tags":[114,115,149,150,2972,32,33,2973],"class_list":{"0":"post-108131","1":"post","2":"type-post","3":"status-publish","4":"format-standard","5":"has-post-thumbnail","7":"category-musica","8":"tag-entertainment","9":"tag-entretenimento","10":"tag-music","11":"tag-musica","12":"tag-nextjs","13":"tag-portugal","14":"tag-pt","15":"tag-realworld"},"share_on_mastodon":{"url":"","error":""},"_links":{"self":[{"href":"https:\/\/www.europesays.com\/pt\/wp-json\/wp\/v2\/posts\/108131","targetHints":{"allow":["GET"]}}],"collection":[{"href":"https:\/\/www.europesays.com\/pt\/wp-json\/wp\/v2\/posts"}],"about":[{"href":"https:\/\/www.europesays.com\/pt\/wp-json\/wp\/v2\/types\/post"}],"author":[{"embeddable":true,"href":"https:\/\/www.europesays.com\/pt\/wp-json\/wp\/v2\/users\/2"}],"replies":[{"embeddable":true,"href":"https:\/\/www.europesays.com\/pt\/wp-json\/wp\/v2\/comments?post=108131"}],"version-history":[{"count":0,"href":"https:\/\/www.europesays.com\/pt\/wp-json\/wp\/v2\/posts\/108131\/revisions"}],"wp:featuredmedia":[{"embeddable":true,"href":"https:\/\/www.europesays.com\/pt\/wp-json\/wp\/v2\/media\/108132"}],"wp:attachment":[{"href":"https:\/\/www.europesays.com\/pt\/wp-json\/wp\/v2\/media?parent=108131"}],"wp:term":[{"taxonomy":"category","embeddable":true,"href":"https:\/\/www.europesays.com\/pt\/wp-json\/wp\/v2\/categories?post=108131"},{"taxonomy":"post_tag","embeddable":true,"href":"https:\/\/www.europesays.com\/pt\/wp-json\/wp\/v2\/tags?post=108131"}],"curies":[{"name":"wp","href":"https:\/\/api.w.org\/{rel}","templated":true}]}}