{"id":108135,"date":"2025-10-12T20:55:17","date_gmt":"2025-10-12T20:55:17","guid":{"rendered":"https:\/\/www.europesays.com\/pt\/108135\/"},"modified":"2025-10-12T20:55:17","modified_gmt":"2025-10-12T20:55:17","slug":"as-contas-de-portugal-para-selar-o-apuramento-frente-a-hungria","status":"publish","type":"post","link":"https:\/\/www.europesays.com\/pt\/108135\/","title":{"rendered":"As contas de Portugal para selar o apuramento frente \u00e0 Hungria"},"content":{"rendered":"<p>Depois de somar, frente \u00e0 Rep\u00fablica da Irlanda, a terceira vit\u00f3ria em tr\u00eas jogos no Grupo F, Portugal chegou aos 9 pontos e ficou mais perto de garantir desde j\u00e1 o apuramento para o Campeonato do Mundo de 2026, que se disputa nos EUA, M\u00e9xico e Canad\u00e1. Um apuramento que pode chegar j\u00e1 ter\u00e7a-feira, quando a Equipa das Quinas receber a Hungria, novamente em Alvalade.<\/p>\n<p><a href=\"https:\/\/sportinforma.sapo.pt\/\" target=\"_blank\" rel=\"noreferrer noopener nofollow\">&#8211; Tudo sobre o desporto nacional e internacional em<b id=\"s-b-embed-68\" data-stringify-type=\"bold\">\u00a0<\/b><b>sportinforma.sapo.pt &#8211;<\/b><\/a><\/p>\n<p>Mas do que precisa Portugal para carimbar desde j\u00e1 o passaporte para aquela que ser\u00e1 a sua s\u00e9tima presen\u00e7a seguida em fases finais de Campeonatos do Mundo?\u00a0Uma vit\u00f3ria pode n\u00e3o chegar&#8230;<\/p>\n<p>Portugal s\u00f3 se apura ter\u00e7a-feira se ganhar \u00e0 Hungria e a Arm\u00e9nia (atual segunda classificada) n\u00e3o ganhar na visita \u00e0 Rep\u00fablica da Irlanda.<\/p>\n","protected":false},"excerpt":{"rendered":"Depois de somar, frente \u00e0 Rep\u00fablica da Irlanda, a terceira vit\u00f3ria em tr\u00eas jogos no Grupo F, Portugal&hellip;\n","protected":false},"author":2,"featured_media":108136,"comment_status":"","ping_status":"","sticky":false,"template":"","format":"standard","meta":{"footnotes":""},"categories":[87],"tags":[135,32,33,134],"class_list":{"0":"post-108135","1":"post","2":"type-post","3":"status-publish","4":"format-standard","5":"has-post-thumbnail","7":"category-desporto","8":"tag-desporto","9":"tag-portugal","10":"tag-pt","11":"tag-sports"},"share_on_mastodon":{"url":"","error":""},"_links":{"self":[{"href":"https:\/\/www.europesays.com\/pt\/wp-json\/wp\/v2\/posts\/108135","targetHints":{"allow":["GET"]}}],"collection":[{"href":"https:\/\/www.europesays.com\/pt\/wp-json\/wp\/v2\/posts"}],"about":[{"href":"https:\/\/www.europesays.com\/pt\/wp-json\/wp\/v2\/types\/post"}],"author":[{"embeddable":true,"href":"https:\/\/www.europesays.com\/pt\/wp-json\/wp\/v2\/users\/2"}],"replies":[{"embeddable":true,"href":"https:\/\/www.europesays.com\/pt\/wp-json\/wp\/v2\/comments?post=108135"}],"version-history":[{"count":0,"href":"https:\/\/www.europesays.com\/pt\/wp-json\/wp\/v2\/posts\/108135\/revisions"}],"wp:featuredmedia":[{"embeddable":true,"href":"https:\/\/www.europesays.com\/pt\/wp-json\/wp\/v2\/media\/108136"}],"wp:attachment":[{"href":"https:\/\/www.europesays.com\/pt\/wp-json\/wp\/v2\/media?parent=108135"}],"wp:term":[{"taxonomy":"category","embeddable":true,"href":"https:\/\/www.europesays.com\/pt\/wp-json\/wp\/v2\/categories?post=108135"},{"taxonomy":"post_tag","embeddable":true,"href":"https:\/\/www.europesays.com\/pt\/wp-json\/wp\/v2\/tags?post=108135"}],"curies":[{"name":"wp","href":"https:\/\/api.w.org\/{rel}","templated":true}]}}