{"id":108139,"date":"2025-10-12T20:57:12","date_gmt":"2025-10-12T20:57:12","guid":{"rendered":"https:\/\/www.europesays.com\/pt\/108139\/"},"modified":"2025-10-12T20:57:12","modified_gmt":"2025-10-12T20:57:12","slug":"katy-perry-e-ex-primeiro-ministro-do-canada-trocam-beijos-e-confirmam-romance-na-california-2","status":"publish","type":"post","link":"https:\/\/www.europesays.com\/pt\/108139\/","title":{"rendered":"Katy Perry e ex-primeiro-ministro do Canad\u00e1 trocam beijos e confirmam romance na Calif\u00f3rnia"},"content":{"rendered":"<p>Novas imagens divulgadas confirmam aquilo que j\u00e1 se especulava: a cantora <a href=\"https:\/\/famashow.pt\/pesquisa?q=katy+perryKaty%20Perry%20e%20ex-primeiro-ministro%20do%20Canad%C3%A1%20trocam%20beijos%20e%20confirmam%20romance%20na%20Calif%C3%B3rnia\" target=\"_blank\" rel=\"noreferrer noopener nofollow\"><strong>Katy Perry<\/strong> <\/a>e o ex-primeiro-ministro do Canad\u00e1,<a href=\"https:\/\/famashow.pt\/pesquisa?q=+Justin+Trudeau\" target=\"_blank\" rel=\"noreferrer noopener nofollow\"> <strong>Justin Trudeau<\/strong><\/a>, foram apanhados trocando beijos numa embarca\u00e7\u00e3o privada na costa da Calif\u00f3rnia.<\/p>\n<p>As fotografias, inicialmente publicadas pelo Daily Mail, mostram o casal a demonstrar carinho em alto mar, incluindo gestos mais \u00edntimos, como quando Trudeau envolve a artista com o corpo.<\/p>\n<p><a href=\"https:\/\/famashow.pt\/famosos\/2025-07-31-apos-encontro-a-dois-ex-primeiro-ministro-do-canada-e-visto-em-concerto-de-katy-perry--6ce97919?utm_source=famashow&amp;utm_medium=search&amp;utm_campaign=WEB&amp;utm_content=\/famosos\/2025-07-31-apos-encontro-a-dois-ex-primeiro-ministro-do-canada-e-visto-em-concerto-de-katy-perry--6ce97919\" target=\"_self\" rel=\"noreferrer noopener nofollow\">Ap\u00f3s encontro a dois, ex-primeiro-ministro do Canad\u00e1 \u00e9 visto em concerto de Katy Perry<\/a><\/p>\n<p>Fontes pr\u00f3ximas garantem que Katy e Justin se conheceram h\u00e1 alguns meses e que a liga\u00e7\u00e3o entre ambos \u00e9 intensa, embora ainda seja cedo para definir a dire\u00e7\u00e3o que o relacionamento poder\u00e1 tomar.<\/p>\n<p>Segundo a revista People, est\u00e3o \u201cinteressados um no outro\u201d, mas a vida n\u00f3mada da cantora e a recente sa\u00edda de Trudeau da pol\u00edtica tornam a rela\u00e7\u00e3o um pouco mais complexa.<\/p>\n<p><strong>Veja as imagens:<\/strong><\/p>\n","protected":false},"excerpt":{"rendered":"Novas imagens divulgadas confirmam aquilo que j\u00e1 se especulava: a cantora Katy Perry e o ex-primeiro-ministro do Canad\u00e1,&hellip;\n","protected":false},"author":2,"featured_media":108140,"comment_status":"","ping_status":"","sticky":false,"template":"","format":"standard","meta":{"footnotes":""},"categories":[85],"tags":[114,115,32,33],"class_list":{"0":"post-108139","1":"post","2":"type-post","3":"status-publish","4":"format-standard","5":"has-post-thumbnail","7":"category-entretenimento","8":"tag-entertainment","9":"tag-entretenimento","10":"tag-portugal","11":"tag-pt"},"share_on_mastodon":{"url":"","error":""},"_links":{"self":[{"href":"https:\/\/www.europesays.com\/pt\/wp-json\/wp\/v2\/posts\/108139","targetHints":{"allow":["GET"]}}],"collection":[{"href":"https:\/\/www.europesays.com\/pt\/wp-json\/wp\/v2\/posts"}],"about":[{"href":"https:\/\/www.europesays.com\/pt\/wp-json\/wp\/v2\/types\/post"}],"author":[{"embeddable":true,"href":"https:\/\/www.europesays.com\/pt\/wp-json\/wp\/v2\/users\/2"}],"replies":[{"embeddable":true,"href":"https:\/\/www.europesays.com\/pt\/wp-json\/wp\/v2\/comments?post=108139"}],"version-history":[{"count":0,"href":"https:\/\/www.europesays.com\/pt\/wp-json\/wp\/v2\/posts\/108139\/revisions"}],"wp:featuredmedia":[{"embeddable":true,"href":"https:\/\/www.europesays.com\/pt\/wp-json\/wp\/v2\/media\/108140"}],"wp:attachment":[{"href":"https:\/\/www.europesays.com\/pt\/wp-json\/wp\/v2\/media?parent=108139"}],"wp:term":[{"taxonomy":"category","embeddable":true,"href":"https:\/\/www.europesays.com\/pt\/wp-json\/wp\/v2\/categories?post=108139"},{"taxonomy":"post_tag","embeddable":true,"href":"https:\/\/www.europesays.com\/pt\/wp-json\/wp\/v2\/tags?post=108139"}],"curies":[{"name":"wp","href":"https:\/\/api.w.org\/{rel}","templated":true}]}}