{"id":108141,"date":"2025-10-12T20:58:12","date_gmt":"2025-10-12T20:58:12","guid":{"rendered":"https:\/\/www.europesays.com\/pt\/108141\/"},"modified":"2025-10-12T20:58:12","modified_gmt":"2025-10-12T20:58:12","slug":"ex-ceo-da-apple-diz-que-a-dona-do-iphone-tem-seu-primeiro-concorrente-real-em-decadas-empresas","status":"publish","type":"post","link":"https:\/\/www.europesays.com\/pt\/108141\/","title":{"rendered":"Ex-CEO da Apple diz que a dona do iPhone tem seu &#8220;primeiro concorrente real&#8221; em d\u00e9cadas | Empresas"},"content":{"rendered":"\n<p class=\" content-text__container \" data-track-category=\"Link no Texto\" data-track-links=\"\"> \u201cIA nunca foi um ponto forte para eles\u201d, disse Sculley sobre a Apple. <\/p>\n<p class=\" content-text__container \" data-track-category=\"Link no Texto\" data-track-links=\"\"> Em alguns aspectos, segundo o <a class=\"\" href=\"https:\/\/www.businessinsider.com\/former-apple-ceo-john-sculley-says-openai-rivals-apple-2025-10\" target=\"_blank\" rel=\"nofollow noopener\">Business Insider<\/a>, a Apple parece realmente ter ficado para tr\u00e1s na corrida da IA, sem as atualiza\u00e7\u00f5es consistentes de produtos que se tornaram comuns em empresas, n\u00e3o s\u00f3 como OpenAI, mas tamb\u00e9m Google, Amazon e Meta. A companhia tamb\u00e9m enfrentou contratempos no lan\u00e7amento de produtos \u2014 como o adiamento, no in\u00edcio deste ano, de uma grande reformula\u00e7\u00e3o da assistente de IA Siri. <\/p>\n<p class=\" content-text__container \" data-track-category=\"Link no Texto\" data-track-links=\"\"> Durante o evento, Sculley comentou sobre especula\u00e7\u00f5es de que o atual CEO da Apple, Tim Cook, poderia estar considerando se aposentar em breve. Segundo ele, quem assumir o comando precisar\u00e1 liderar a transi\u00e7\u00e3o da Apple da era dos aplicativos para a chamada \u201cera agentic\u201d, que se refere a tecnologias capazes de agir como agentes aut\u00f4nomos, executando tarefas complexas em nome do usu\u00e1rio. <\/p>\n<p class=\" content-text__container \" data-track-category=\"Link no Texto\" data-track-links=\"\"> \u201cFoi ele quem realmente desenhou e construiu o iMac, o iPod, o iPhone e o iPad\u201d, disse Sculley sobre Ive. \u201cSe existe algu\u00e9m que provavelmente conseguir\u00e1 levar essa dimens\u00e3o para os LLMs \u2014 neste caso, para a OpenAI \u2014, \u00e9 Jony Ive, trabalhando com Sam Altman.\u201d <\/p>\n","protected":false},"excerpt":{"rendered":"\u201cIA nunca foi um ponto forte para eles\u201d, disse Sculley sobre a Apple. Em alguns aspectos, segundo o&hellip;\n","protected":false},"author":2,"featured_media":108142,"comment_status":"","ping_status":"","sticky":false,"template":"","format":"standard","meta":{"footnotes":""},"categories":[84],"tags":[109,107,108,32,33,105,103,104,106,110],"class_list":{"0":"post-108141","1":"post","2":"type-post","3":"status-publish","4":"format-standard","5":"has-post-thumbnail","7":"category-ciencia-e-tecnologia","8":"tag-ciencia","9":"tag-ciencia-e-tecnologia","10":"tag-cienciaetecnologia","11":"tag-portugal","12":"tag-pt","13":"tag-science","14":"tag-science-and-technology","15":"tag-scienceandtechnology","16":"tag-technology","17":"tag-tecnologia"},"share_on_mastodon":{"url":"","error":""},"_links":{"self":[{"href":"https:\/\/www.europesays.com\/pt\/wp-json\/wp\/v2\/posts\/108141","targetHints":{"allow":["GET"]}}],"collection":[{"href":"https:\/\/www.europesays.com\/pt\/wp-json\/wp\/v2\/posts"}],"about":[{"href":"https:\/\/www.europesays.com\/pt\/wp-json\/wp\/v2\/types\/post"}],"author":[{"embeddable":true,"href":"https:\/\/www.europesays.com\/pt\/wp-json\/wp\/v2\/users\/2"}],"replies":[{"embeddable":true,"href":"https:\/\/www.europesays.com\/pt\/wp-json\/wp\/v2\/comments?post=108141"}],"version-history":[{"count":0,"href":"https:\/\/www.europesays.com\/pt\/wp-json\/wp\/v2\/posts\/108141\/revisions"}],"wp:featuredmedia":[{"embeddable":true,"href":"https:\/\/www.europesays.com\/pt\/wp-json\/wp\/v2\/media\/108142"}],"wp:attachment":[{"href":"https:\/\/www.europesays.com\/pt\/wp-json\/wp\/v2\/media?parent=108141"}],"wp:term":[{"taxonomy":"category","embeddable":true,"href":"https:\/\/www.europesays.com\/pt\/wp-json\/wp\/v2\/categories?post=108141"},{"taxonomy":"post_tag","embeddable":true,"href":"https:\/\/www.europesays.com\/pt\/wp-json\/wp\/v2\/tags?post=108141"}],"curies":[{"name":"wp","href":"https:\/\/api.w.org\/{rel}","templated":true}]}}