{"id":108143,"date":"2025-10-12T21:01:19","date_gmt":"2025-10-12T21:01:19","guid":{"rendered":"https:\/\/www.europesays.com\/pt\/108143\/"},"modified":"2025-10-12T21:01:19","modified_gmt":"2025-10-12T21:01:19","slug":"chega-tinha-vencido-na-terra-de-mariana-mortagua-nas-legislativas-agora-nao-foi-alem-dos-646","status":"publish","type":"post","link":"https:\/\/www.europesays.com\/pt\/108143\/","title":{"rendered":"Chega tinha vencido na terra de Mariana Mort\u00e1gua nas legislativas. Agora, n\u00e3o foi al\u00e9m dos 6,46%"},"content":{"rendered":"<p>\t                Saiba quem venceu as aut\u00e1rquicas no concelho onde o sal\u00e1rio est\u00e1 13% abaixo da m\u00e9dia nacional<\/p>\n<p>O PS venceu as elei\u00e7\u00f5es aut\u00e1rquicas no concelho do Alvito, no distrito de Beja, conquistando 54.65% dos votos e conseguindo ficar \u00e0 frente do movimento independente liderado por Dinis Pinto, o segundo partido mais votado.\u00a0<\/p>\n<p>Esta vit\u00f3ria no concelho alentejano surge depois de o Chega ter conseguido ser o partido mais votado durante as \u00faltimas legislativas. Nas aut\u00e1rquicas, o Chega n\u00e3o foi al\u00e9m dos 6,46%.<\/p>\n<p>J\u00e1 em 2021, nas passadas elei\u00e7\u00f5es aut\u00e1rquicas, foi o PS o partido mais votado, tendo conseguido roubar pela primeira vez em 11 anos a C\u00e2mara Municipal \u00e0 CDU, elegendo Jos\u00e9 Efig\u00e9nio como autarca e assegurando\u00a049,66% dos votos.\u00a0<\/p>\n<p>Jos\u00e9 Efig\u00e9nio foi recandidato pelo PS contra\u00a0Dinis Pinto (Independente), Andr\u00e9 Reis (CH) e David Serra (CDU).<\/p>\n<p>Destaca-se tamb\u00e9m por ser onde nasceu e cresceu Mariana Mort\u00e1gua, l\u00edder do Bloco de Esquerda. E por ter sido a primeira vila de Portugal a ter uma baronia, tendo celebrado os seus 550 anos como tal em junho de 2025.<\/p>\n<p>Veja aqui a caracteriza\u00e7\u00e3o do Alvito:<\/p>\n<p><strong>Popula\u00e7\u00e3o<\/strong><\/p>\n<p>No final de 2024, residiam no munic\u00edpio do Alvito 2.303 pessoas. Entre 2021 e 2024, a varia\u00e7\u00e3o populacional foi ligeiramente positiva ( +0,2%), resultado de um saldo natural negativo (-101) compensado por um saldo migrat\u00f3rio positivo (+106).Apesar do crescimento, este valor ficou abaixo da m\u00e9dia nacional ( +3,2%) e correspondeu ao menor aumento populacional entre os quatro dos cinco munic\u00edpios mais pr\u00f3ximos, onde a popula\u00e7\u00e3o tamb\u00e9m registou acr\u00e9scimos. O concelho tem, contudo, evidenciado sinais de rejuvenescimento: o r\u00e1cio entre a popula\u00e7\u00e3o idosa (65 ou mais anos) e a popula\u00e7\u00e3o jovem (menos de 15 anos) passou de 2,29 em 2021 para 2,10 em 2024.<\/p>\n<p><strong>Educa\u00e7\u00e3o<\/strong><\/p>\n<p>Em 2024, estavam matriculados 390 alunos nas escolas do munic\u00edpio de Alvito.\u00a0Dos 142 alunos matriculados no secund\u00e1rio em 2024, 0 frequentavam cursos cient\u00edfico-human\u00edsticos e 142 frequentavam cursos profissionais.\u00a0O munic\u00edpio tinha, em 2024, 36,4% dos alunos matriculados em escolas do ensino privado &#8211; um n\u00edvel superior \u00e0 m\u00e9dia nacional(20,9%).<\/p>\n<p><strong>Habita\u00e7\u00e3o<\/strong><\/p>\n<p>No Alvito, o pre\u00e7o m\u00e9dio das casas por m\u00b2 era de 764 euros, o custo mais elevado dos cinco concelhos mais pr\u00f3ximos.\u00a0No munic\u00edpio, o r\u00e1cio \u00e9 de 6,6 alojamentos familiares por km\u00b2, o menor quando feita a mesma compara\u00e7\u00e3o.<\/p>\n<p><strong>Emprego e empresas<\/strong><\/p>\n<p data-end=\"198\" data-is-last-node=\"\" data-is-only-node=\"\" data-start=\"0\">Em 2024, o ganho m\u00e9dio mensal dos trabalhadores por conta de outr\u00e9m no munic\u00edpio foi de 1.266 euros, ficando cerca de 13% abaixo da m\u00e9dia nacional, que atingiu 1.460,8 euros. A taxa de desemprego fixou-se, em 2024, nos 5% (74 pessoas) e a maior parte da popula\u00e7\u00e3o empregada trabalhava no setor agr\u00edcola, no ensino ou no com\u00e9rcio a retalho.<\/p>\n<p><strong>Servi\u00e7os e Cultura<\/strong><\/p>\n<p>Em 2023, o munic\u00edpio registou 36 sess\u00f5es de espet\u00e1culo ao vivo. No mesmo ano, dispunha de um \u00fanico balc\u00e3o banc\u00e1rio e de duas farm\u00e1cias.<\/p>\n<p><strong>Turismo<\/strong><\/p>\n<p>Em 2024, o munic\u00edpio de Alvito registou 8.107 dormidas, o que representa um aumento de 6,4% face a 2019. Apesar do crescimento, este ficou abaixo da m\u00e9dia nacional no mesmo per\u00edodo. Do total de dormidas, 29,7% ocorreram em alojamento local, enquanto os restantes 70,3% se repartiram por hot\u00e9is e turismo rural. Em 2024, existiam 103 camas dispon\u00edveis no munic\u00edpio e, em m\u00e9dia, os turistas passam cerca de dois dias no concelho.<\/p>\n<p><strong>Territ\u00f3rio e ambiente<\/strong><\/p>\n<p>O munic\u00edpio do Alvito tem 264,85 km\u00b2, ocupando, assim, 0,3% do territ\u00f3rio nacional. Est\u00e1 na posi\u00e7\u00e3o 121 entre os 308 munic\u00edpios portugueses com maior dimens\u00e3o.\u00a0Da sua superf\u00edcie, mais de 75% \u00e9 utilizada para a atividade agr\u00edcola.<\/p>\n","protected":false},"excerpt":{"rendered":"Saiba quem venceu as aut\u00e1rquicas no concelho onde o sal\u00e1rio est\u00e1 13% abaixo da m\u00e9dia nacional O PS&hellip;\n","protected":false},"author":2,"featured_media":108144,"comment_status":"","ping_status":"","sticky":false,"template":"","format":"standard","meta":{"footnotes":""},"categories":[10],"tags":[288,609,4262,836,611,2431,1564,27,28,607,608,333,832,604,135,610,476,15,16,301,830,14,603,25,26,570,21,22,831,833,62,834,12,13,19,20,835,602,52,32,23,24,33,25828,17,18,29,30,31],"class_list":{"0":"post-108143","1":"post","2":"type-post","3":"status-publish","4":"format-standard","5":"has-post-thumbnail","7":"category-portugal","8":"tag-alentejo","9":"tag-alerta","10":"tag-alvito","11":"tag-analise","12":"tag-ao-minuto","13":"tag-autarquicas-2025","14":"tag-beja","15":"tag-breaking-news","16":"tag-breakingnews","17":"tag-cnn","18":"tag-cnn-portugal","19":"tag-comentadores","20":"tag-costa","21":"tag-crime","22":"tag-desporto","23":"tag-direto","24":"tag-economia","25":"tag-featured-news","26":"tag-featurednews","27":"tag-governo","28":"tag-guerra","29":"tag-headlines","30":"tag-justica","31":"tag-latest-news","32":"tag-latestnews","33":"tag-live","34":"tag-main-news","35":"tag-mainnews","36":"tag-mais-vistas","37":"tag-marcelo","38":"tag-mundo","39":"tag-negocios","40":"tag-news","41":"tag-noticias","42":"tag-noticias-principais","43":"tag-noticiasprincipais","44":"tag-opiniao","45":"tag-pais","46":"tag-politica","47":"tag-portugal","48":"tag-principais-noticias","49":"tag-principaisnoticias","50":"tag-pt","51":"tag-quem-ganhou","52":"tag-top-stories","53":"tag-topstories","54":"tag-ultimas","55":"tag-ultimas-noticias","56":"tag-ultimasnoticias"},"share_on_mastodon":{"url":"","error":""},"_links":{"self":[{"href":"https:\/\/www.europesays.com\/pt\/wp-json\/wp\/v2\/posts\/108143","targetHints":{"allow":["GET"]}}],"collection":[{"href":"https:\/\/www.europesays.com\/pt\/wp-json\/wp\/v2\/posts"}],"about":[{"href":"https:\/\/www.europesays.com\/pt\/wp-json\/wp\/v2\/types\/post"}],"author":[{"embeddable":true,"href":"https:\/\/www.europesays.com\/pt\/wp-json\/wp\/v2\/users\/2"}],"replies":[{"embeddable":true,"href":"https:\/\/www.europesays.com\/pt\/wp-json\/wp\/v2\/comments?post=108143"}],"version-history":[{"count":0,"href":"https:\/\/www.europesays.com\/pt\/wp-json\/wp\/v2\/posts\/108143\/revisions"}],"wp:featuredmedia":[{"embeddable":true,"href":"https:\/\/www.europesays.com\/pt\/wp-json\/wp\/v2\/media\/108144"}],"wp:attachment":[{"href":"https:\/\/www.europesays.com\/pt\/wp-json\/wp\/v2\/media?parent=108143"}],"wp:term":[{"taxonomy":"category","embeddable":true,"href":"https:\/\/www.europesays.com\/pt\/wp-json\/wp\/v2\/categories?post=108143"},{"taxonomy":"post_tag","embeddable":true,"href":"https:\/\/www.europesays.com\/pt\/wp-json\/wp\/v2\/tags?post=108143"}],"curies":[{"name":"wp","href":"https:\/\/api.w.org\/{rel}","templated":true}]}}