{"id":108159,"date":"2025-10-12T21:15:30","date_gmt":"2025-10-12T21:15:30","guid":{"rendered":"https:\/\/www.europesays.com\/pt\/108159\/"},"modified":"2025-10-12T21:15:30","modified_gmt":"2025-10-12T21:15:30","slug":"mapa-de-portugal-vai-passar-a-ter-camaras-municipais-do-chega-diz-ventura","status":"publish","type":"post","link":"https:\/\/www.europesays.com\/pt\/108159\/","title":{"rendered":"&#8220;Mapa de Portugal vai passar a ter c\u00e2maras municipais do Chega&#8221;, diz Ventura"},"content":{"rendered":"<p>        \u201cEu sei que houve noites menos boas, tamb\u00e9m estive c\u00e1 para as assumir, mas agora o Chega venceu c\u00e2maras municipais e isto \u00e9 toda uma nova etapa de responsabilidade e de crescimento que o Chega tem que agora assumir\u201d, sublinha o presidente do partido.    <\/p>\n<p>O presidente do Chega, Andr\u00e9 Ventua, reivindica vit\u00f3ria em s\u00edtios na regi\u00e3o Aut\u00f3noma da Madeira e no Algarve, mas tamb\u00e9m em Sant\u00e1rem. Segundo o l\u00edder do Chega o mapa de Portugal vai passar a ter c\u00e2maras municipais do Chega.<\/p>\n<p>\u201cEu sei que houve noites menos boas, tamb\u00e9m estive c\u00e1 para as assumir, mas agora o Chega venceu c\u00e2maras municipais e isto \u00e9 toda uma nova etapa de responsabilidade e de crescimento que o Chega tem que agora assumir\u201d, sublinha o presidente do partido.<\/p>\n<p>Ventura referiu que \u201cainda n\u00e3o sabemos nas contas finais o que aconteceu, em termos de distribui\u00e7\u00e3o total de mandatos, mas sabemos isto: no distrito de Sant\u00e1rem teremos ganho em c\u00e2maras, na regi\u00e3o aut\u00f3noma da Madeira tamb\u00e9m, no distrito de setubal tamb\u00e9m, estou convencido que no Algarve tamb\u00e9m\u201d.<\/p>\n<p>\u201cOu seja, o mapa de Portugal vai passar a ter a partir de amanh\u00e3 ou no dia da tomada de posse, vai passar a ter c\u00e2maras municipais do Chega\u201d, destaca.<\/p>\n","protected":false},"excerpt":{"rendered":"\u201cEu sei que houve noites menos boas, tamb\u00e9m estive c\u00e1 para as assumir, mas agora o Chega venceu&hellip;\n","protected":false},"author":2,"featured_media":104224,"comment_status":"","ping_status":"","sticky":false,"template":"","format":"standard","meta":{"footnotes":""},"categories":[10],"tags":[27,28,15,16,14,25,26,21,22,12,13,19,20,32,23,24,33,17,18,29,30,31],"class_list":{"0":"post-108159","1":"post","2":"type-post","3":"status-publish","4":"format-standard","5":"has-post-thumbnail","7":"category-portugal","8":"tag-breaking-news","9":"tag-breakingnews","10":"tag-featured-news","11":"tag-featurednews","12":"tag-headlines","13":"tag-latest-news","14":"tag-latestnews","15":"tag-main-news","16":"tag-mainnews","17":"tag-news","18":"tag-noticias","19":"tag-noticias-principais","20":"tag-noticiasprincipais","21":"tag-portugal","22":"tag-principais-noticias","23":"tag-principaisnoticias","24":"tag-pt","25":"tag-top-stories","26":"tag-topstories","27":"tag-ultimas","28":"tag-ultimas-noticias","29":"tag-ultimasnoticias"},"share_on_mastodon":{"url":"","error":""},"_links":{"self":[{"href":"https:\/\/www.europesays.com\/pt\/wp-json\/wp\/v2\/posts\/108159","targetHints":{"allow":["GET"]}}],"collection":[{"href":"https:\/\/www.europesays.com\/pt\/wp-json\/wp\/v2\/posts"}],"about":[{"href":"https:\/\/www.europesays.com\/pt\/wp-json\/wp\/v2\/types\/post"}],"author":[{"embeddable":true,"href":"https:\/\/www.europesays.com\/pt\/wp-json\/wp\/v2\/users\/2"}],"replies":[{"embeddable":true,"href":"https:\/\/www.europesays.com\/pt\/wp-json\/wp\/v2\/comments?post=108159"}],"version-history":[{"count":0,"href":"https:\/\/www.europesays.com\/pt\/wp-json\/wp\/v2\/posts\/108159\/revisions"}],"wp:featuredmedia":[{"embeddable":true,"href":"https:\/\/www.europesays.com\/pt\/wp-json\/wp\/v2\/media\/104224"}],"wp:attachment":[{"href":"https:\/\/www.europesays.com\/pt\/wp-json\/wp\/v2\/media?parent=108159"}],"wp:term":[{"taxonomy":"category","embeddable":true,"href":"https:\/\/www.europesays.com\/pt\/wp-json\/wp\/v2\/categories?post=108159"},{"taxonomy":"post_tag","embeddable":true,"href":"https:\/\/www.europesays.com\/pt\/wp-json\/wp\/v2\/tags?post=108159"}],"curies":[{"name":"wp","href":"https:\/\/api.w.org\/{rel}","templated":true}]}}