{"id":108160,"date":"2025-10-12T21:16:30","date_gmt":"2025-10-12T21:16:30","guid":{"rendered":"https:\/\/www.europesays.com\/pt\/108160\/"},"modified":"2025-10-12T21:16:30","modified_gmt":"2025-10-12T21:16:30","slug":"assedio-sexual-ministro-da-agricultura-manda-investigar-denuncia-contra-chefe-de-gabinete","status":"publish","type":"post","link":"https:\/\/www.europesays.com\/pt\/108160\/","title":{"rendered":"Ass\u00e9dio sexual: ministro da Agricultura manda investigar den\u00fancia contra chefe de gabinete"},"content":{"rendered":"<p>Uma funcion\u00e1ria do gabinete do ministro da Agricultura, que entretanto cessou fun\u00e7\u00f5es, denunciou pr\u00e1ticas de ass\u00e9dio sexual por parte de um seu superior &#8211; o chefe de gabinete do ministro, Nataniel Ara\u00fajo. As queixas chegaram a Jos\u00e9 Manuel Fernandes, que de imediato mandou abrir um processo de averigua\u00e7\u00f5es junto da Inspe\u00e7\u00e3o-geral da Agricultura, do Mar, do Ambiente e do Ordenamento do Territ\u00f3rio (IGAMAOT).<\/p>\n<p><a href=\"https:\/\/expresso.pt\/subscrever?action=GEN&amp;channel=VID&amp;type=CAP&amp;source=WEB&amp;returnUrl=https:\/\/expresso.pt\/politica\/governo\/2025-10-11-assedio-sexual-ministro-da-agricultura-manda-investigar-denuncia-contra-chefe-de-gabinete-6013e195&amp;utm_source=expresso&amp;utm_medium=locked_article&amp;locked=true&amp;article_id=0b5d986d-3b9e-4fc9-9683-4a484bf6dd56&amp;author_id=Rita+Ferreira&amp;category=Governo\" target=\"_self\" class=\"\" rel=\"nofollow noopener\">Subscrever<\/a>J\u00e1 \u00e9 Subscritor?Fa\u00e7a login e continue a ler<a href=\"http:\/\/expresso.pt\/codigo?redirectUrl=https:\/\/expresso.pt\/politica\/governo\/2025-10-11-assedio-sexual-ministro-da-agricultura-manda-investigar-denuncia-contra-chefe-de-gabinete-6013e195\" target=\"_self\" class=\"\" rel=\"nofollow noopener\">Inserir C\u00f3digo<\/a>Comprou o Expresso?Insira o c\u00f3digo presente na Revista E para continuar a ler<\/p>\n","protected":false},"excerpt":{"rendered":"Uma funcion\u00e1ria do gabinete do ministro da Agricultura, que entretanto cessou fun\u00e7\u00f5es, denunciou pr\u00e1ticas de ass\u00e9dio sexual por&hellip;\n","protected":false},"author":2,"featured_media":108161,"comment_status":"","ping_status":"","sticky":false,"template":"","format":"standard","meta":{"footnotes":""},"categories":[8],"tags":[27,28,15,16,14,25,26,21,22,12,13,19,20,32,23,24,33,17,18,29,30,31],"class_list":{"0":"post-108160","1":"post","2":"type-post","3":"status-publish","4":"format-standard","5":"has-post-thumbnail","7":"category-principais-noticias","8":"tag-breaking-news","9":"tag-breakingnews","10":"tag-featured-news","11":"tag-featurednews","12":"tag-headlines","13":"tag-latest-news","14":"tag-latestnews","15":"tag-main-news","16":"tag-mainnews","17":"tag-news","18":"tag-noticias","19":"tag-noticias-principais","20":"tag-noticiasprincipais","21":"tag-portugal","22":"tag-principais-noticias","23":"tag-principaisnoticias","24":"tag-pt","25":"tag-top-stories","26":"tag-topstories","27":"tag-ultimas","28":"tag-ultimas-noticias","29":"tag-ultimasnoticias"},"share_on_mastodon":{"url":"","error":""},"_links":{"self":[{"href":"https:\/\/www.europesays.com\/pt\/wp-json\/wp\/v2\/posts\/108160","targetHints":{"allow":["GET"]}}],"collection":[{"href":"https:\/\/www.europesays.com\/pt\/wp-json\/wp\/v2\/posts"}],"about":[{"href":"https:\/\/www.europesays.com\/pt\/wp-json\/wp\/v2\/types\/post"}],"author":[{"embeddable":true,"href":"https:\/\/www.europesays.com\/pt\/wp-json\/wp\/v2\/users\/2"}],"replies":[{"embeddable":true,"href":"https:\/\/www.europesays.com\/pt\/wp-json\/wp\/v2\/comments?post=108160"}],"version-history":[{"count":0,"href":"https:\/\/www.europesays.com\/pt\/wp-json\/wp\/v2\/posts\/108160\/revisions"}],"wp:featuredmedia":[{"embeddable":true,"href":"https:\/\/www.europesays.com\/pt\/wp-json\/wp\/v2\/media\/108161"}],"wp:attachment":[{"href":"https:\/\/www.europesays.com\/pt\/wp-json\/wp\/v2\/media?parent=108160"}],"wp:term":[{"taxonomy":"category","embeddable":true,"href":"https:\/\/www.europesays.com\/pt\/wp-json\/wp\/v2\/categories?post=108160"},{"taxonomy":"post_tag","embeddable":true,"href":"https:\/\/www.europesays.com\/pt\/wp-json\/wp\/v2\/tags?post=108160"}],"curies":[{"name":"wp","href":"https:\/\/api.w.org\/{rel}","templated":true}]}}