{"id":108162,"date":"2025-10-12T21:17:11","date_gmt":"2025-10-12T21:17:11","guid":{"rendered":"https:\/\/www.europesays.com\/pt\/108162\/"},"modified":"2025-10-12T21:17:11","modified_gmt":"2025-10-12T21:17:11","slug":"alckmin-nega-entrave-com-rubio-mas-admite-que-negociacoes-precisam-avancar-mais-depressa-noticias-r7","status":"publish","type":"post","link":"https:\/\/www.europesays.com\/pt\/108162\/","title":{"rendered":"Alckmin nega entrave com Rubio, mas admite que negocia\u00e7\u00f5es precisam avan\u00e7ar \u2018mais depressa\u2019 \u2013 Noticias R7"},"content":{"rendered":"<p>LEIA AQUI O RESUMO DA NOT\u00cdCIA<\/p>\n<ul class=\"b-article-body-custom-embed-brief-news__list\" style=\"margin: 0; padding-left: 20px; list-style-type: disc;\">\n<li>Geraldo Alckmin nega que a escolha de Marco Rubio como porta-voz das negocia\u00e7\u00f5es afete o Brasil.<\/li>\n<li>Marco Rubio cancelou reuni\u00f5es com autoridades brasileiras para se encontrar com Eduardo Bolsonaro.<\/li>\n<li>Alckmin destaca avan\u00e7os na redu\u00e7\u00e3o de tarifas, como a diminui\u00e7\u00e3o da taxa sobre celulose e m\u00f3veis.<\/li>\n<li>O presidente Lula pediu a suspens\u00e3o da sobretaxa de 40% sobre produtos brasileiros durante as negocia\u00e7\u00f5es.<\/li>\n<\/ul>\n<p style=\"font-size: 0.8em; font-style: italic; text-align: right; margin-top: 15px; padding-bottom: 5px; margin-bottom: 0;\">Produzido pela Ri7a &#8211; a Intelig\u00eancia Artificial do R7<\/p>\n<p><img decoding=\"async\" data-chromatic=\"ignore\" alt=\"\" class=\"c-image\" loading=\"lazy\" src=\"https:\/\/www.europesays.com\/pt\/wp-content\/uploads\/2025\/10\/NILRL4QZKJCSZKFAZ3BNQU6XXA.jpg\"  width=\"2048\" height=\"1365\"\/>Tarifas: Alckmin reafirma que plano de conting\u00eancia ser\u00e1 anunciado na pr\u00f3xima semana Cadu Gomes\/VPR &#8211; 06\/08\/2025 <\/p>\n<p class=\"jarvics:base-text-neutral-high-400 base-text-[calc(theme(fontSize.xs)_*_var(--font-size,_1))] base-font-normal base-font-primary base-text-neutral-low-500 base-text-left\">O<a href=\"https:\/\/noticias.r7.com\/prisma\/r7-planalto\/brasil-e-eua-iniciam-fase-de-descontaminacao-politica-apos-conversa-entre-lula-e-trump-10102025\/\" target=\"_blank\" rel=\"noreferrer nofollow noopener\" title=\"https:\/\/noticias.r7.com\/prisma\/r7-planalto\/brasil-e-eua-iniciam-fase-de-descontaminacao-politica-apos-conversa-entre-lula-e-trump-10102025\/\"><b> presidente em exerc\u00edcio,<\/b><\/a> Geraldo Alckmin, afirmou neste domingo (12) que o fato de o presidente dos Estados Unidos ter escolhido o secret\u00e1rio de Estado Marco Rubio para ser o principal porta-voz nas negocia\u00e7\u00f5es pela redu\u00e7\u00e3o das tarifas n\u00e3o causa preju\u00edzo ao pleito do<a href=\"https:\/\/noticias.r7.com\/brasilia\/lula-comenta-ligacao-de-trump-e-diz-que-vira-latas-queriam-que-ele-rastejasse-atras-dos-eua-09102025\/\" target=\"_blank\" rel=\"noreferrer nofollow noopener\" title=\"https:\/\/noticias.r7.com\/brasilia\/lula-comenta-ligacao-de-trump-e-diz-que-vira-latas-queriam-que-ele-rastejasse-atras-dos-eua-09102025\/\"><b> Brasil.<\/b><\/a><\/p>\n<p class=\"jarvics:base-text-neutral-high-400 base-text-[calc(theme(fontSize.xs)_*_var(--font-size,_1))] base-font-normal base-font-primary base-text-neutral-low-500 base-text-left\">Marco Rubio j\u00e1 desmarcou reuni\u00f5es com autoridades brasileiras para se encontrar com o deputado Eduardo Bolsonaro, que est\u00e1 nos <a href=\"https:\/\/noticias.r7.com\/economia\/entenda-o-que-fez-trump-buscar-reaproximacao-com-o-brasil-do-ponto-de-vista-economico-07102025\/\" target=\"_blank\" rel=\"noreferrer nofollow noopener\" title=\"https:\/\/noticias.r7.com\/economia\/entenda-o-que-fez-trump-buscar-reaproximacao-com-o-brasil-do-ponto-de-vista-economico-07102025\/\"><b>Estados Unidos<\/b><\/a> e defende a imposi\u00e7\u00e3o das tarifas e outras san\u00e7\u00f5es devido ao julgamento por tentativa de golpe do ex-presidente Jair Bolsonaro. <\/p>\n<p class=\"jarvics:base-text-neutral-high-400 base-text-[calc(theme(fontSize.xs)_*_var(--font-size,_1))] base-font-normal base-font-primary base-text-neutral-low-500 base-text-left\">Questionado sobre o impasse, contudo, Alckmin afirmou que \u201cn\u00e3o acredita\u201d que isso trar\u00e1 algum desafio ao governo brasileiro. <\/p>\n<p class=\"jarvics:base-text-neutral-high-400 base-text-[calc(theme(fontSize.xs)_*_var(--font-size,_1))] base-font-normal base-font-primary base-text-neutral-low-500 base-text-left\">\u201cPorque a orienta\u00e7\u00e3o do presidente Trump foi muito clara: n\u00f3s queremos fazer um di\u00e1logo e ter entendimento. E o Brasil sempre defendeu isso. O di\u00e1logo e a negocia\u00e7\u00e3o. Podemos fazer um avan\u00e7o importante. E j\u00e1 avan\u00e7amos bastante\u201d, declarou. <\/p>\n<p class=\"jarvics:base-text-neutral-high-400 base-text-[calc(theme(fontSize.xs)_*_var(--font-size,_1))] base-font-normal base-font-primary base-text-neutral-low-500 base-text-left\">Alckmin listou, por exemplo, que a celulose saiu das tarifas, assim como a madeira serrada e macia que voltou para a tarifa de 10%. \u201cArm\u00e1rio, sof\u00e1, m\u00f3veis, estavam em 50% e foram para 25%. O que n\u00f3s precisamos \u00e9 avan\u00e7ar mais depressa\u201d, confessou. <\/p>\n<p class=\"jarvics:base-text-neutral-high-400 base-text-[calc(theme(fontSize.xs)_*_var(--font-size,_1))] base-font-normal base-font-primary base-text-neutral-low-500 base-text-left\">Ao comentar sobre a liga\u00e7\u00e3o de Trump ao presidente Lula, na \u00faltima segunda-feira (6), Alckmin contou que o petista pediu para que, enquanto os pa\u00edses negociassem, a sobretaxa de 40% sobre os produtos brasileiros fosse retirada. <\/p>\n<p class=\"jarvics:base-text-neutral-high-400 base-text-[calc(theme(fontSize.xs)_*_var(--font-size,_1))] base-font-normal base-font-primary base-text-neutral-low-500 base-text-left\">\u201cO pedido do presidente Lula para o presidente Trump foi que enquanto a gente negocia, suspenda os 40% [de sobretaxa]. Esse foi o pleito. E a\u00ed a gente passa a um ganha- ganha\u201d, contou. <\/p>\n<p class=\"jarvics:base-text-neutral-high-400 base-text-[calc(theme(fontSize.xs)_*_var(--font-size,_1))] base-font-normal base-font-primary base-text-neutral-low-500 base-text-left\">Para Alckmin, o Brasil e os Estados Unidos t\u00eam muitas possibilidades de parceria. \u201cN\u00f3s temos 4.000 empresas americanas no Brasil trabalhando, ganhando dinheiro, gerando emprego. O Brasil est\u00e1 entre as 10 maiores economias do mundo, \u00e9 o s\u00e9timo pa\u00eds mais populoso do mundo, \u00e9 o quinto e maior em extens\u00e3o territorial. Ent\u00e3o, tem muita oportunidade de parceria aqui\u201d, refor\u00e7ou. <\/p>\n<p><video controls=\"\" class=\"video-js\" preload=\"metadata\" poster=\"https:\/\/d22yf0mxeu0gma.cloudfront.net\/10-09-2025\/t_4ff7a8e2ecc246cbaab82e3fb7f68380_name_file_960x540_1600_v4_.jpg\" title=\"Mauro Vieira conversa por telefone com secret&#xE1;rio de estado americano, Marco Rubio\" data-sprite-url=\"\" data-metadata=\"{&quot;title&quot;:&quot;Mauro Vieira conversa por telefone com secret&#xE1;rio de estado americano, Marco Rubio&quot;,&quot;sectionName&quot;:&quot;R7&quot;,&quot;mainSection&quot;:&quot;Bras&#xED;lia&quot;,&quot;subSection&quot;:&quot;&quot;,&quot;views&quot;:&quot;&quot;,&quot;disableAdv&quot;:&quot;false&quot;,&quot;createdDate&quot;:&quot;2025-10-09T23:47:20Z&quot;,&quot;mainSectionUrl&quot;:&quot;https:\/\/noticias.r7.com\/jr-na-tv\/video\/mauro-vieira-conversa-por-telefone-com-secretario-de-estado-americano-marco-rubio-09102025\/&quot;,&quot;sectionPath&quot;:&quot;https:\/\/noticias.r7.com\/jr-na-tv&quot;,&quot;ageRating&quot;:&quot;&quot;,&quot;ageRatingDescription&quot;:&quot;&quot;,&quot;duration&quot;:27114,&quot;playerUrl&quot;:&quot;https:\/\/noticias.r7.com\/player\/eb7420ab-3aae-40bc-896c-0378663fb4e5\/&quot;}\" data-player-params=\"{&quot;p&quot;:&quot;true&quot;,&quot;autoPlay&quot;:&quot;false&quot;,&quot;logo&quot;:&quot;true&quot;,&quot;playlistId&quot;:&quot;false&quot;,&quot;calhau&quot;:&quot;false&quot;,&quot;share&quot;:&quot;true&quot;,&quot;sz&quot;:&quot;false&quot;,&quot;full&quot;:&quot;true&quot;,&quot;customAdHash&quot;:&quot;\/7542\/R7noticias\/brasilia&quot;,&quot;referrerUrl&quot;:&quot;&quot;,&quot;externalLinks&quot;:&quot;true&quot;,&quot;debug&quot;:&quot;false&quot;,&quot;debugHash&quot;:&quot;false&quot;,&quot;debugRelated&quot;:&quot;false&quot;,&quot;timerRelated&quot;:&quot;true&quot;,&quot;logoRecord&quot;:&quot;false&quot;,&quot;contextModal&quot;:&quot;false&quot;,&quot;parentUrl&quot;:&quot;https:\/\/record.r7.com\/&quot;,&quot;t&quot;:&quot;0&quot;,&quot;noTitle&quot;:false,&quot;endBehavior&quot;:&quot;default&quot;}\" data-related-videos=\"[{&quot;title&quot;:&quot;Morre Diane Keaton, estrela de 'Noivo neur&#xF3;tico, noiva nervosa', aos 79 anos, nos EUA&quot;,&quot;thumb&quot;:&quot;https:\/\/d22yf0mxeu0gma.cloudfront.net\/10-12-2025\/t_4f31b67b218d4390a1d392722779ea52_name_file_960x540_1600_v4_.jpg&quot;,&quot;url&quot;:&quot;https:\/\/noticias.r7.com\/jr-na-tv\/video\/morre-diane-keaton-estrela-de-noivo-neurotico-noiva-nervosa-aos-79-anos-nos-eua-12102025\/&quot;,&quot;embedUrl&quot;:&quot;https:\/\/noticias.r7.com\/player\/6eeffea0-b6e2-4a3e-894e-90bb2a2632b9\/&quot;},{&quot;title&quot;:&quot;Europa adota novo sistema de controle de passaportes para agilizar fronteiras e barrar ilegais&quot;,&quot;thumb&quot;:&quot;https:\/\/d22yf0mxeu0gma.cloudfront.net\/10-12-2025\/t_2882acf3bcc44a2894d532ae6dda0bfe_name_file_960x540_1600_v4_.jpg&quot;,&quot;url&quot;:&quot;https:\/\/noticias.r7.com\/jr-na-tv\/video\/europa-adota-novo-sistema-de-controle-de-passaportes-para-agilizar-fronteiras-e-barrar-ilegais-12102025\/&quot;,&quot;embedUrl&quot;:&quot;https:\/\/noticias.r7.com\/player\/05bf98d6-bfbd-42d9-8ddb-b7070fb507ea\/&quot;},{&quot;title&quot;:&quot;Minuto JR: restaurante onde mezanino desabou e matou cliente opera sem licen&#xE7;a, diz prefeitura&quot;,&quot;thumb&quot;:&quot;https:\/\/d22yf0mxeu0gma.cloudfront.net\/10-12-2025\/t_86ddd3fd46cb49dbb7957bbb3ea58c30_name_file_960x540_1600_v4_.jpg&quot;,&quot;url&quot;:&quot;https:\/\/noticias.r7.com\/jr-na-tv\/video\/minuto-jr-restaurante-onde-mezanino-desabou-e-matou-cliente-opera-sem-licenca-diz-prefeitura-12102025\/&quot;,&quot;embedUrl&quot;:&quot;https:\/\/noticias.r7.com\/player\/f4d08bf7-4dd3-4295-841c-a53362d9e5fa\/&quot;}]\" data-player-url=\"https:\/\/noticias.r7.com\/player\/eb7420ab-3aae-40bc-896c-0378663fb4e5\/\" data-arc-video=\"\" data-arc-id=\"eb7420ab-3aae-40bc-896c-0378663fb4e5\" data-short=\"false\" style=\"visibility:hidden\"><\/video><\/p>\n<p class=\"jarvics:base-text-neutral-high-400 base-text-[calc(theme(fontSize.xs)_*_var(--font-size,_1))] base-font-normal base-font-primary base-text-neutral-low-500 base-text-left\"><b>Fique por dentro das principais not\u00edcias do dia no Brasil e no mundo. <\/b><a href=\"https:\/\/whatsapp.com\/channel\/0029Va6eEELGZNCyryabmO1m\" rel=\"nofollow noopener\" target=\"_blank\"><b>Siga o canal do R7<\/b><\/a><b>, o portal de not\u00edcias da Record, no WhatsApp<\/b><\/p>\n","protected":false},"excerpt":{"rendered":"LEIA AQUI O RESUMO DA NOT\u00cdCIA Geraldo Alckmin nega que a escolha de Marco Rubio como porta-voz das&hellip;\n","protected":false},"author":2,"featured_media":108163,"comment_status":"","ping_status":"","sticky":false,"template":"","format":"standard","meta":{"footnotes":""},"categories":[145],"tags":[211,210,92,476,114,115,4558,1540,32,33,717],"class_list":{"0":"post-108162","1":"post","2":"type-post","3":"status-publish","4":"format-standard","5":"has-post-thumbnail","7":"category-celebridades","8":"tag-celebridades","9":"tag-celebrities","10":"tag-donald-trump","11":"tag-economia","12":"tag-entertainment","13":"tag-entretenimento","14":"tag-geraldo-alckmin","15":"tag-lula","16":"tag-portugal","17":"tag-pt","18":"tag-tarifas"},"share_on_mastodon":{"url":"","error":""},"_links":{"self":[{"href":"https:\/\/www.europesays.com\/pt\/wp-json\/wp\/v2\/posts\/108162","targetHints":{"allow":["GET"]}}],"collection":[{"href":"https:\/\/www.europesays.com\/pt\/wp-json\/wp\/v2\/posts"}],"about":[{"href":"https:\/\/www.europesays.com\/pt\/wp-json\/wp\/v2\/types\/post"}],"author":[{"embeddable":true,"href":"https:\/\/www.europesays.com\/pt\/wp-json\/wp\/v2\/users\/2"}],"replies":[{"embeddable":true,"href":"https:\/\/www.europesays.com\/pt\/wp-json\/wp\/v2\/comments?post=108162"}],"version-history":[{"count":0,"href":"https:\/\/www.europesays.com\/pt\/wp-json\/wp\/v2\/posts\/108162\/revisions"}],"wp:featuredmedia":[{"embeddable":true,"href":"https:\/\/www.europesays.com\/pt\/wp-json\/wp\/v2\/media\/108163"}],"wp:attachment":[{"href":"https:\/\/www.europesays.com\/pt\/wp-json\/wp\/v2\/media?parent=108162"}],"wp:term":[{"taxonomy":"category","embeddable":true,"href":"https:\/\/www.europesays.com\/pt\/wp-json\/wp\/v2\/categories?post=108162"},{"taxonomy":"post_tag","embeddable":true,"href":"https:\/\/www.europesays.com\/pt\/wp-json\/wp\/v2\/tags?post=108162"}],"curies":[{"name":"wp","href":"https:\/\/api.w.org\/{rel}","templated":true}]}}