{"id":108164,"date":"2025-10-12T21:18:10","date_gmt":"2025-10-12T21:18:10","guid":{"rendered":"https:\/\/www.europesays.com\/pt\/108164\/"},"modified":"2025-10-12T21:18:10","modified_gmt":"2025-10-12T21:18:10","slug":"internautas-reagem-a-estatua-romana-parecida-com-lula","status":"publish","type":"post","link":"https:\/\/www.europesays.com\/pt\/108164\/","title":{"rendered":"Internautas reagem a est\u00e1tua romana parecida com Lula"},"content":{"rendered":"<p><img decoding=\"async\" fetchpriority=\"high\" src=\"https:\/\/www.europesays.com\/pt\/wp-content\/uploads\/2025\/10\/3j3x3d7hj03677t74mt2xu4o6.jpg\" width=\"906\" height=\"509\" alt=\"Est\u00e1tua parecida com o presidente Lula faz sucesso entre internautas.\" title=\"Est\u00e1tua parecida com o presidente Lula faz sucesso entre internautas.\"\/>Reprodu\u00e7\u00e3o\/Instagram\/@decimusclaudius<\/p>\n<p>Est\u00e1tua parecida com o presidente Lula faz sucesso entre internautas.<\/p>\n<p class=\"\">Um <strong>busto romano em bronze<\/strong>, datado do s\u00e9culo III d.C., em exibi\u00e7\u00e3o no Metropolitan Museum of Art, em Nova York, nos Estados Unidos, chamou a aten\u00e7\u00e3o de internautas por sua semelhan\u00e7a com o presidente <strong>Luiz In\u00e1cio Lula da Silva (PT)<\/strong>.<\/p>\n<p class=\"\">A <strong>obra retrata um homem com barba e cabelos curtos, t\u00edpicos<\/strong> da \u00e9poca, usando uma toga ampla que se dobra sobre o peito, comum em bustos de tamanho real do per\u00edodo.\u00a0<\/p>\n<p class=\"\">A imagem do busto foi publicada no perfil do Instagram @decimusclaudius. O respons\u00e1vel\u00a0diz ser &#8221;F\u00e3 da Roma Antiga&#8221;.<\/p>\n<p class=\"\">O post logo chamou a aten\u00e7\u00e3o de internautas brasileiros.<\/p>\n<p class=\"\">&#8220;Ludovicus Ignacius Loligo Silvanus&#8221; , brincou um.<\/p>\n<p class=\"\">&#8220;Seu inimigo era &#8220;Bolso Nero&#8221; que queria incendiar o pa\u00eds&#8230;&#8221; , comentou outro, fazendo refer\u00eancia ao ex-presidente , Jair Messias Bolsonaro (PL).<\/p>\n<p class=\"\">&#8220;Estadista desde a Roma antiga&#8221; , l\u00ea-se em outro coment\u00e1rio.\u00a0<\/p>\n<p>Brasileiros &#8221;discordam&#8221; que homem n\u00e3o seja conhecido<\/p>\n<p class=\"\">A identidade do homem retratado permanece desconhecida. Parte do post diz o seguinte a respeito disso:<\/p>\n<p class=\"\">&#8221;Embora este busto de bronze exiba um alto grau de caracteriza\u00e7\u00e3o individual, o sujeito n\u00e3o foi identificado com uma figura hist\u00f3rica conhecida&#8221;.<\/p>\n<p class=\"\">Nos coment\u00e1rios em tom de brincadeira da publica\u00e7\u00e3o, brasileiros &#8221;discordaram&#8221; dessa informa\u00e7\u00e3o.<\/p>\n<p class=\"\">&#8220;Na descri\u00e7\u00e3o fala que n\u00e3o foi identificado, agora foi&#8221; , declarou uma internauta. &#8220;<\/p>\n<p class=\"\">O\u00a0sujeito que n\u00e3o foi identificado como figura hist\u00f3rica \u00e9 o @lulaoficial&#8221; , ironizou outra, marcando o presidente.<\/p>\n<p class=\"\">Teorias sobre o presidente Lula ser um &#8220;clone&#8221; do personagem retratado tamb\u00e9m foram levantadas.\u00a0<\/p>\n<p class=\"\">&#8220;Ouvi dizer que esse foi o primeiro Lula, os demais s\u00e3o todos clones. O homem \u00e9 bom&#8221; , escreveu outra.<\/p>\n<p class=\"\">&#8220;Ent\u00e3o a hist\u00f3ria dos clones \u00e9 verdade?&#8221; , questionou outro. <\/p>\n<p class=\"\">&#8220;Por isso que dizem que Lula \u00e9 um clone, olha a idade do homem!&#8221; , brincou um terceiro internauta. <\/p>\n<p class=\"\">&#8220;J\u00e1 vai circular no zap news que o Lula \u00e9 um clone desse cara, e que ele vem usando clones atrav\u00e9s dos tempo s\u00f3 pra continuar no poder&#8221; , ironizou outro.<\/p>\n<p class=\"\">Um usu\u00e1rio do Instagram chegou a questionar a veracidade da imagem. &#8220;Pensei que era zoeira&#8221;, revelou um.<\/p>\n<p class=\"\">&#8220;Isso n\u00e3o \u00e9 IA?&#8221; , questionou outro.<\/p>\n<p class=\"\">O busto foi adquirido em Roma em 1913, mas n\u00e3o h\u00e1 registro de que o retratado seja um personagem hist\u00f3rico conhecido.<\/p>\n","protected":false},"excerpt":{"rendered":"Reprodu\u00e7\u00e3o\/Instagram\/@decimusclaudius Est\u00e1tua parecida com o presidente Lula faz sucesso entre internautas. Um busto romano em bronze, datado do&hellip;\n","protected":false},"author":2,"featured_media":108165,"comment_status":"","ping_status":"","sticky":false,"template":"","format":"standard","meta":{"footnotes":""},"categories":[144],"tags":[207,205,206,203,201,202,6772,204,114,115,2768,1540,32,33,2864,25830],"class_list":{"0":"post-108164","1":"post","2":"type-post","3":"status-publish","4":"format-standard","5":"has-post-thumbnail","7":"category-arte-e-design","8":"tag-arte","9":"tag-arte-e-design","10":"tag-artedesign","11":"tag-arts","12":"tag-arts-and-design","13":"tag-artsanddesign","14":"tag-busto","15":"tag-design","16":"tag-entertainment","17":"tag-entretenimento","18":"tag-estatua","19":"tag-lula","20":"tag-portugal","21":"tag-pt","22":"tag-roma","23":"tag-semelhanca-chocante"},"share_on_mastodon":{"url":"","error":""},"_links":{"self":[{"href":"https:\/\/www.europesays.com\/pt\/wp-json\/wp\/v2\/posts\/108164","targetHints":{"allow":["GET"]}}],"collection":[{"href":"https:\/\/www.europesays.com\/pt\/wp-json\/wp\/v2\/posts"}],"about":[{"href":"https:\/\/www.europesays.com\/pt\/wp-json\/wp\/v2\/types\/post"}],"author":[{"embeddable":true,"href":"https:\/\/www.europesays.com\/pt\/wp-json\/wp\/v2\/users\/2"}],"replies":[{"embeddable":true,"href":"https:\/\/www.europesays.com\/pt\/wp-json\/wp\/v2\/comments?post=108164"}],"version-history":[{"count":0,"href":"https:\/\/www.europesays.com\/pt\/wp-json\/wp\/v2\/posts\/108164\/revisions"}],"wp:featuredmedia":[{"embeddable":true,"href":"https:\/\/www.europesays.com\/pt\/wp-json\/wp\/v2\/media\/108165"}],"wp:attachment":[{"href":"https:\/\/www.europesays.com\/pt\/wp-json\/wp\/v2\/media?parent=108164"}],"wp:term":[{"taxonomy":"category","embeddable":true,"href":"https:\/\/www.europesays.com\/pt\/wp-json\/wp\/v2\/categories?post=108164"},{"taxonomy":"post_tag","embeddable":true,"href":"https:\/\/www.europesays.com\/pt\/wp-json\/wp\/v2\/tags?post=108164"}],"curies":[{"name":"wp","href":"https:\/\/api.w.org\/{rel}","templated":true}]}}