{"id":108168,"date":"2025-10-12T21:22:31","date_gmt":"2025-10-12T21:22:31","guid":{"rendered":"https:\/\/www.europesays.com\/pt\/108168\/"},"modified":"2025-10-12T21:22:31","modified_gmt":"2025-10-12T21:22:31","slug":"guerreiras-do-k-pop-produtora-revela-processo-brutal-que-transformou-animacao-em-fenomeno-da-netflix","status":"publish","type":"post","link":"https:\/\/www.europesays.com\/pt\/108168\/","title":{"rendered":"\u2018Guerreiras do K-Pop\u2019: Produtora revela processo &#8220;brutal&#8221; que transformou anima\u00e7\u00e3o em fen\u00f4meno da Netflix"},"content":{"rendered":"<p><strong>Michelle Wong<\/strong>, produtora de<strong> \u2018<a href=\"https:\/\/cinepop.com.br\/tag\/guerreiras-do-k-pop\/\" title=\"Guerreiras do K-Pop\" rel=\"nofollow noopener\" target=\"_blank\">Guerreiras do K-Pop<\/a>\u2019<\/strong>, revelou o que ela acredita ser o segredo por tr\u00e1s do estrondoso sucesso do filme da <a href=\"https:\/\/cinepop.com.br\/tag\/netflix\/\" title=\"Netflix\" rel=\"nofollow noopener\" target=\"_blank\">Netflix<\/a>: um processo de escala\u00e7\u00e3o de elenco incrivelmente rigoroso.<\/p>\n<p>Em entrevista ao <a href=\"https:\/\/deadline.com\/2025\/10\/kpop-demon-hunters-filmmakers-sequel-casting-process-1236577503\/\" rel=\"nofollow noopener\" target=\"_blank\">Deadline<\/a>, <strong>Wong<\/strong> relembrou a complexidade da busca por talentos:\u00a0\u201cTivemos tr\u00eas diretores de elenco e fizemos uma busca ao redor do mundo. O desafio do nosso filme era que quer\u00edamos que todos os talentos fossem coreanos, bil\u00edngues e que soubessem cantar. E isso simplesmente n\u00e3o acontece\u201d.<\/p>\n<p>As performances gravadas para a trilha sonora ajudaram a impulsionar o t\u00edtulo da Sony Pictures Animation ao topo do ranking de filmes da <a href=\"https:\/\/cinepop.com.br\/tag\/netflix\/\" title=\"Netflix\" rel=\"nofollow noopener\" target=\"_blank\">Netflix<\/a>, transformando-o em um verdadeiro fen\u00f4meno cultural.<\/p>\n<p><a href=\"https:\/\/cinepop.com.br\/guerreiras-do-k-pop-quebra-recorde-e-se-torna-o-filme-em-ingles-com-maior-permanencia-no-top-10-da-netflix-696309\/\" rel=\"nofollow noopener\" target=\"_blank\">\u2018Guerreiras do K-Pop\u2019 quebra recorde e se torna o filme em ingl\u00eas com maior perman\u00eancia no Top 10 da Netflix<\/a><\/p>\n<p>Segundo <strong>Wong<\/strong>, as tr\u00eas personagens principais foram escaladas quase na \u00faltima hora, e a grava\u00e7\u00e3o final das vozes s\u00f3 foi conclu\u00edda no in\u00edcio deste ano, pouco antes da estreia em agosto.<\/p>\n<p>\u201cAs pessoas dizem: \u2018Ah, eu sei cantar, eu sei cantar.\u2019 Mas quando voc\u00ea ouve nossas m\u00fasicas, percebe que n\u00e3o \u00e9 nesse n\u00edvel\u201d, disse a produtora, destacando que as can\u00e7\u00f5es s\u00e3o uma fus\u00e3o de \u201cmusical teatral e pop\u201d. Ela acrescentou que era essencial que os membros do elenco cantassem de forma emocional, transmitindo sentimentos genu\u00ednos atrav\u00e9s da voz.<\/p>\n<p>A produtora comentou que houve press\u00e3o dos est\u00fadios, Sony e <a href=\"https:\/\/cinepop.com.br\/tag\/netflix\/\" title=\"Netflix\" rel=\"nofollow noopener\" target=\"_blank\">Netflix<\/a>, que acreditavam ser necess\u00e1rio contar com nomes famosos. \u201cMas n\u00f3s temos nomes conhecidos\u201d, rebateu.<\/p>\n<p><a href=\"https:\/\/cinepop.com.br\/sony-vendeu-os-direitos-de-guerreiras-do-k-pop-para-a-netflix-e-franquia-virou-fenomeno-690717\/\" rel=\"nofollow noopener\" target=\"_blank\">Sony vendeu os direitos de \u2018Guerreiras do K-Pop\u2019 para a Netflix, e franquia virou FEN\u00d4MENO<\/a><\/p>\n<p><strong>Wong<\/strong> explicou que os atores nunca estiveram juntos durante a produ\u00e7\u00e3o, gravando suas partes individualmente. \u201cA primeira vez que eles se apresentaram juntos foi no Fallon\u201d, contou, referindo-se \u00e0 performance da m\u00fasica de sucesso \u201cGolden\u201d no programa de TV (o grupo tamb\u00e9m se apresentou no Saturday Night Live).<\/p>\n<p><a href=\"https:\/\/cinepop.com.br\/guerreiras-do-k-pop-sucesso-da-netflix-pode-virar-trilogia-ganhar-live-action-e-ate-musical-684371\/\" rel=\"nofollow noopener\" target=\"_blank\">\u2018Guerreiras do K-Pop\u2019: Sucesso da Netflix pode virar trilogia, ganhar live-action e at\u00e9 musical<\/a><\/p>\n<p><strong>Joshua Beveridge<\/strong>, chefe de anima\u00e7\u00e3o de personagens na Sony Pictures Imageworks e diretor de anima\u00e7\u00e3o do filme, descreveu o momento em que a equipe percebeu que o filme estava tomando forma:<\/p>\n<p>\u201c\u2018Ah, estamos chegando em algo.\u2019 Depois das grava\u00e7\u00f5es com os talentos principais, a equipe de \u00e1udio come\u00e7ou a dizer: \u2018Rumi \u00e9 t\u00e3o Rumi! Mira \u00e9 t\u00e3o Mira!\u2019\u201d. Ele completou: \u201cE a equipe de anima\u00e7\u00e3o dizia o mesmo\u2026 N\u00e3o havia um favorito claro\u2026 todos s\u00e3o estrelas\u201d.<\/p>\n<p><strong>Jacky Priddle<\/strong>, co-produtora do filme e produtora de VFX, admitiu que finalizar o elenco no \u00faltimo minuto n\u00e3o foi o ideal, mas a equipe se ajustou \u00e0 necessidade.<\/p>\n<p>\u201c\u00c9 apenas uma quest\u00e3o de prioridades. Algumas sequ\u00eancias estavam seguras, outras precisaram de ajustes na coreografia ou em outros elementos. \u00c0 medida que as vozes chegavam\u2026 \u00e0s vezes era preciso animar sem as vozes e depois substitu\u00ed-las. \u00c0s vezes, era necess\u00e1rio esperar. \u00c0s vezes, gravar depois\u201d, concluiu.<\/p>\n<p><a href=\"https:\/\/cinepop.com.br\/documentario-numero-desconhecido-desbanca-guerreiras-do-k-pop-e-lidera-ranking-global-da-netflix-692444\/\" rel=\"nofollow noopener\" target=\"_blank\">Document\u00e1rio \u2018N\u00famero Desconhecido\u2019 desbanca \u2018Guerreiras do K-Pop\u2019 e lidera ranking global da Netflix<\/a><\/p>\n<p><img fetchpriority=\"high\" decoding=\"async\" src=\"https:\/\/www.europesays.com\/pt\/wp-content\/uploads\/2025\/10\/K-Pop-Demon-Hunters-02-1-1024x576.jpg\" alt=\"\" width=\"696\" height=\"392\"  \/><\/p>\n<p>\u201cQuando as superestrelas do K-pop Rumi, Mira e Zoey n\u00e3o est\u00e3o esgotando est\u00e1dios ao redor do mundo, elas usam suas identidades secretas como ca\u00e7adoras de dem\u00f4nios para proteger seus f\u00e3s dos perigos sobrenaturais que espreitam pelas sombras. Juntas, elas precisar\u00e3o enfrentar sua maior amea\u00e7a: uma boy band rival irresist\u00edvel \u2014 que, na verdade, s\u00e3o dem\u00f4nios disfar\u00e7ados\u201d, diz a sinopse.<\/p>\n","protected":false},"excerpt":{"rendered":"Michelle Wong, produtora de \u2018Guerreiras do K-Pop\u2019, revelou o que ela acredita ser o segredo por tr\u00e1s do&hellip;\n","protected":false},"author":2,"featured_media":108169,"comment_status":"","ping_status":"","sticky":false,"template":"","format":"standard","meta":{"footnotes":""},"categories":[140],"tags":[14556,25831,25832,114,115,147,148,17875,4550,12118,25833,146,25834,716,32,33,1975],"class_list":{"0":"post-108168","1":"post","2":"type-post","3":"status-publish","4":"format-standard","5":"has-post-thumbnail","7":"category-filmes","8":"tag-adam-sandler","9":"tag-alerta-vermelho","10":"tag-bagagem-de-risco","11":"tag-entertainment","12":"tag-entretenimento","13":"tag-film","14":"tag-filmes","15":"tag-frozen","16":"tag-guerreiras-do-k-pop","17":"tag-k-pop-demon-hunters","18":"tag-maggie-kang","19":"tag-movies","20":"tag-nao-olhe-para-cima","21":"tag-netflix","22":"tag-portugal","23":"tag-pt","24":"tag-um-maluco-no-golfe-2"},"share_on_mastodon":{"url":"","error":""},"_links":{"self":[{"href":"https:\/\/www.europesays.com\/pt\/wp-json\/wp\/v2\/posts\/108168","targetHints":{"allow":["GET"]}}],"collection":[{"href":"https:\/\/www.europesays.com\/pt\/wp-json\/wp\/v2\/posts"}],"about":[{"href":"https:\/\/www.europesays.com\/pt\/wp-json\/wp\/v2\/types\/post"}],"author":[{"embeddable":true,"href":"https:\/\/www.europesays.com\/pt\/wp-json\/wp\/v2\/users\/2"}],"replies":[{"embeddable":true,"href":"https:\/\/www.europesays.com\/pt\/wp-json\/wp\/v2\/comments?post=108168"}],"version-history":[{"count":0,"href":"https:\/\/www.europesays.com\/pt\/wp-json\/wp\/v2\/posts\/108168\/revisions"}],"wp:featuredmedia":[{"embeddable":true,"href":"https:\/\/www.europesays.com\/pt\/wp-json\/wp\/v2\/media\/108169"}],"wp:attachment":[{"href":"https:\/\/www.europesays.com\/pt\/wp-json\/wp\/v2\/media?parent=108168"}],"wp:term":[{"taxonomy":"category","embeddable":true,"href":"https:\/\/www.europesays.com\/pt\/wp-json\/wp\/v2\/categories?post=108168"},{"taxonomy":"post_tag","embeddable":true,"href":"https:\/\/www.europesays.com\/pt\/wp-json\/wp\/v2\/tags?post=108168"}],"curies":[{"name":"wp","href":"https:\/\/api.w.org\/{rel}","templated":true}]}}