{"id":108184,"date":"2025-10-12T21:34:09","date_gmt":"2025-10-12T21:34:09","guid":{"rendered":"https:\/\/www.europesays.com\/pt\/108184\/"},"modified":"2025-10-12T21:34:09","modified_gmt":"2025-10-12T21:34:09","slug":"michelle-admite-sentimentos-por-shia-creo-revela-beijo","status":"publish","type":"post","link":"https:\/\/www.europesays.com\/pt\/108184\/","title":{"rendered":"Michelle admite sentimentos por Shia; Cr\u00e9o revela beijo"},"content":{"rendered":"<p class=\"bullet mt-0\" data-v-232111b4=\"\">Na manh\u00e3 de hoje em &#8220;<a href=\"https:\/\/www.uol.com.br\/splash\/noticias\/2025\/10\/11\/fernando-manda-yona-ir-embora-de-a-fazenda-17-voce-vai-ficar-louca-aqui.htm\" rel=\"nofollow noopener\" target=\"_blank\">A Fazenda 17<\/a>&#8221; (RecordTV), <a href=\"https:\/\/www.uol.com.br\/splash\/noticias\/2025\/09\/16\/michelle-barros-trajetoria-da-globo-a-fazenda.htm\" rel=\"nofollow noopener\" target=\"_blank\">Michelle<\/a> e<a href=\"https:\/\/www.uol.com.br\/splash\/noticias\/2025\/10\/04\/festa-termina-em-briga-e-ninjas-invadem-a-fazenda-17-para-separar-peoes.htm\" rel=\"nofollow noopener\" target=\"_blank\"> Shia<\/a> conversaram sobre a rela\u00e7\u00e3o entre eles.<\/p>\n<p>O que aconteceu<\/p>\n<p class=\"bullet\" data-v-232111b4=\"\"><strong>A jornalista afirmou que existe um sentimento entre eles. <\/strong>&#8220;De fato, h\u00e1 um sentimento. Em vez de ficarem supondo, eu falei. (&#8230;) Bom somos adultos o suficiente para encarar. S\u00f3 espero n\u00e3o ter magoado muito&#8221;, disse Michelle para Shia.<\/p>\n<p class=\"bullet\" data-v-232111b4=\"\"><strong>Shia concordou com a peoa e a tranquilizou.<\/strong> &#8220;Foi s\u00f3 uma suposi\u00e7\u00e3o grande. Farei a minha parte. (&#8230;) \u00c9 a vida. Umas coisas que supostamente n\u00e3o deveriam acontecer. Ou n\u00e3o poderiam acontecer&#8221;.<\/p>\n","protected":false},"excerpt":{"rendered":"Na manh\u00e3 de hoje em &#8220;A Fazenda 17&#8221; (RecordTV), Michelle e Shia conversaram sobre a rela\u00e7\u00e3o entre eles.&hellip;\n","protected":false},"author":2,"featured_media":108185,"comment_status":"","ping_status":"","sticky":false,"template":"","format":"standard","meta":{"footnotes":""},"categories":[142],"tags":[114,115,32,33,151],"class_list":{"0":"post-108184","1":"post","2":"type-post","3":"status-publish","4":"format-standard","5":"has-post-thumbnail","7":"category-tv","8":"tag-entertainment","9":"tag-entretenimento","10":"tag-portugal","11":"tag-pt","12":"tag-tv"},"share_on_mastodon":{"url":"","error":""},"_links":{"self":[{"href":"https:\/\/www.europesays.com\/pt\/wp-json\/wp\/v2\/posts\/108184","targetHints":{"allow":["GET"]}}],"collection":[{"href":"https:\/\/www.europesays.com\/pt\/wp-json\/wp\/v2\/posts"}],"about":[{"href":"https:\/\/www.europesays.com\/pt\/wp-json\/wp\/v2\/types\/post"}],"author":[{"embeddable":true,"href":"https:\/\/www.europesays.com\/pt\/wp-json\/wp\/v2\/users\/2"}],"replies":[{"embeddable":true,"href":"https:\/\/www.europesays.com\/pt\/wp-json\/wp\/v2\/comments?post=108184"}],"version-history":[{"count":0,"href":"https:\/\/www.europesays.com\/pt\/wp-json\/wp\/v2\/posts\/108184\/revisions"}],"wp:featuredmedia":[{"embeddable":true,"href":"https:\/\/www.europesays.com\/pt\/wp-json\/wp\/v2\/media\/108185"}],"wp:attachment":[{"href":"https:\/\/www.europesays.com\/pt\/wp-json\/wp\/v2\/media?parent=108184"}],"wp:term":[{"taxonomy":"category","embeddable":true,"href":"https:\/\/www.europesays.com\/pt\/wp-json\/wp\/v2\/categories?post=108184"},{"taxonomy":"post_tag","embeddable":true,"href":"https:\/\/www.europesays.com\/pt\/wp-json\/wp\/v2\/tags?post=108184"}],"curies":[{"name":"wp","href":"https:\/\/api.w.org\/{rel}","templated":true}]}}