{"id":108188,"date":"2025-10-12T21:37:19","date_gmt":"2025-10-12T21:37:19","guid":{"rendered":"https:\/\/www.europesays.com\/pt\/108188\/"},"modified":"2025-10-12T21:37:19","modified_gmt":"2025-10-12T21:37:19","slug":"benfica-hc-turquel-jogo-jornada-1-campeonato","status":"publish","type":"post","link":"https:\/\/www.europesays.com\/pt\/108188\/","title":{"rendered":"Benfica HC Turquel Jogo Jornada 1 Campeonato"},"content":{"rendered":"<p>                            <strong>RESUMO DO JOGO<\/strong><\/p>\n<tr style=\"background-color: white; border-bottom: 1px solid white;\">\n<td style=\"font-weight: bold; font-size: 30px;\" colspan=\"2\">Campeonato Nacional<\/td>\n<\/tr>\n<tr>\n<td colspan=\"2\">1.\u00aa jornada<br \/>Fase regular<\/td>\n<\/tr>\n<tr>\n<td style=\"padding: 10px 0; background-color: #f2f2f2!important;\" colspan=\"2\"><strong>RESULTADO FINAL<\/strong><br \/><strong>INT: 3-0<\/strong><\/td>\n<\/tr>\n<tr class=\"red\">\n<td style=\"font-size: 20px;\"><strong>Benfica<\/strong><\/td>\n<td style=\"border-right: 1px solid #f4f4f4; font-size: 55px;\"><strong>5<\/strong><\/td>\n<\/tr>\n<tr>\n<td style=\"font-size: 20px;\"><strong>HC Turquel<\/strong><\/td>\n<td style=\"border-right: 1px solid #f4f4f4; font-size: 55px;\"><strong>0<\/strong><\/td>\n<\/tr>\n<tr>\n<td style=\"background-color: #f2f2f2!important;\" colspan=\"2\"><strong>Marcadores<\/strong><\/td>\n<\/tr>\n<tr>\n<td style=\"border-right: 1px solid #f4f4f4;\">\u00a0Roberto Di Benedetto <strong>10&#8242;<br \/><\/strong>Gon\u00e7alo Pinto<strong> 21&#8242;<br \/><\/strong>Z\u00e9 Miranda<strong> 24&#8242; gp<br \/><\/strong>Jo\u00e3o Rodrigues<strong> 34&#8242;<br \/><\/strong>Lucas Ordo\u00f1ez<strong> 35&#8242;<\/strong><\/td>\n<td>\u00a0<\/td>\n<\/tr>\n<p>Com um desempenho s\u00f3lido, o <strong><a href=\"https:\/\/www.slbenfica.pt\/pt-pt\/modalidades\/hoquei\" rel=\"nofollow noopener\" target=\"_blank\">Benfica<\/a><\/strong> venceu o HC Turquel, por 5-0, neste domingo, 12 de outubro, no jogo da 1.\u00aa jornada da fase regular do Campeonato Nacional, disputado no Pavilh\u00e3o Fidelidade.<\/p>\n<p>Antes do arranque,\u00a0<strong>Z\u00e9 Miranda foi homenageado pela conquista do <a href=\"https:\/\/www.slbenfica.pt\/pt-pt\/agora\/noticias\/2025\/09\/06\/clube-benfica-mensagem-de-felicitacoes-hoquei-em-patins-portugal-campeao-da-europa\" rel=\"nofollow noopener\" target=\"_blank\">t\u00edtulo europeu<\/a>, ao servi\u00e7o de Portugal. <\/strong>O vice-presidente<strong> Fernando Tavares <\/strong>entregou-lhe um trof\u00e9u alusivo ao momento.<\/p>\n<p><strong>Rodrigo Preciso <\/strong>e<strong> Diogo Duarte<\/strong>, tamb\u00e9m eles hoquistas encarnados,\u00a0<a href=\"https:\/\/www.slbenfica.pt\/pt-pt\/agora\/noticias\/2025\/08\/30\/hoquei-em-patins-formacao-benfica-dupla-marca-na-conquista-do-tricampeonato-europa-sub-19\" rel=\"nofollow noopener\" target=\"_blank\"><strong>campe\u00f5es da Europa Sub-19<\/strong><\/a> pela equipa das Quinas, foram igualmente distinguidos.<\/p>\n<p><img decoding=\"async\" src=\"https:\/\/www.europesays.com\/pt\/wp-content\/uploads\/2025\/10\/1760305033_275_homenagem-thumbnail.jpg\" alt=\"Homenagens\" width=\"926px\" height=\"522px\"\/><\/p>\n<p>Evidenciando boa circula\u00e7\u00e3o de bola, <strong>o Benfica foi amea\u00e7ador<\/strong> diante de um oponente que voltou ao principal escal\u00e3o nacional da modalidade nesta \u00e9poca. Diogo Almeida, guarda-redes do HC Turquel, travou os perigosos remates das \u00e1guias.<\/p>\n<p>Decorridos 9 minutos, sem golos, o treinador dos visitantes solicitou pausa t\u00e9cnica.<\/p>\n<p>No regresso \u00e0 pista, a <strong>superioridade encarnada<\/strong> teve efeito pr\u00e1tico com <strong>o golo de Roberto Di Benedetto<\/strong> (1-0, aos 10&#8242;).<\/p>\n<p>O advers\u00e1rio, um hist\u00f3rico do h\u00f3quei, reagiu, e <strong>Pedro Henriques<\/strong> disse presente sempre que houve necessidade de intervir.<\/p>\n<p><img decoding=\"async\" src=\"https:\/\/www.europesays.com\/pt\/wp-content\/uploads\/2025\/10\/goncalo-pinto-thumbnail.jpg\" alt=\"Benfica-Turquel\" width=\"926px\" height=\"522px\"\/><\/p>\n<p>Aos 21&#8242;, o Benfica ampliou. <strong>Viti conduziu a jogada e Gon\u00e7alo Pinto encostou para o 2-0<\/strong>. Aos 24&#8242;, a equipa de arbitragem assinalou <strong>grande penalidade<\/strong> por falta sobre <strong>Viti<\/strong> e <strong>Z\u00e9 Miranda fez o 3-0<\/strong>, resultado que o placar assinalava ao intervalo.\u00a0<\/p>\n<p>Seguiu-se a <strong>homenagem aos Sub-17 encarnados<\/strong>, <strong>vencedores da Eurockey Cup<\/strong>, no dia 5 de outubro (<a href=\"https:\/\/www.slbenfica.pt\/pt-pt\/agora\/noticias\/2025\/10\/05\/hoquei-em-patins-formacao-sub-17-benfica-barcelona-eurockey-cup-sub-17-2025-final\" rel=\"nofollow noopener\" target=\"_blank\"><strong>4-1 sobre o Barcelona<\/strong><\/a>).<\/p>\n<p><img decoding=\"async\" src=\"https:\/\/www.europesays.com\/pt\/wp-content\/uploads\/2025\/10\/homenagem-eurockey-thumbnail.jpg\" alt=\"Benfica-Turquel\" height=\"522px\" width=\"926px\"\/><\/p>\n<p>No recome\u00e7o do embate, <strong>o Benfica continuou a controlar<\/strong>. Com naturalidade, aos 34&#8242;, <strong>a passe de Z\u00e9 Miranda<\/strong>, <strong>Jo\u00e3o Rodrigues ampliou<\/strong> (4-0).<\/p>\n<p>No minuto seguinte, <strong>Roberto Di Benedetto trabalhou bem por detr\u00e1s da baliza dos visitantes e assistiu Lucas Ordo\u00f1ez<\/strong> que, a meia altura, executou uma stickada que valeu o 5-0. <strong>Grande momento<\/strong>!<\/p>\n<p><img decoding=\"async\" src=\"https:\/\/www.europesays.com\/pt\/wp-content\/uploads\/2025\/10\/festejo-ordonez-thumbnail.jpg\" alt=\"Benfica-Turquel\" width=\"926px\" height=\"522px\"\/><\/p>\n<p>Lutando contra a consist\u00eancia do Benfica, aos 47&#8242;, o HC Turquel disp\u00f4s de uma grande penalidade, que <strong>Xavier Louren\u00e7o desperdi\u00e7ou<\/strong>: atirou ao lado e a recarga foi <strong>defendida por Pedro Henriques<\/strong>.<\/p>\n<p>A 4 segundos do fim, <strong>Z\u00e9 Miranda marcou<\/strong>, mas o golo foi invalidado. Vit\u00f3ria do Benfica com <strong>5 golos sem resposta<\/strong> e conquista dos 3 pontos.<\/p>\n<p>Na pr\u00f3xima jornada, os encarnados defrontam a <strong>AD Valongo<\/strong>, fora de casa. A partida est\u00e1 prevista para as 18h30 de s\u00e1bado, 18 de outubro.<\/p>\n<p><img decoding=\"async\" src=\"https:\/\/www.europesays.com\/pt\/wp-content\/uploads\/2025\/10\/edu-castro-thumbnail.jpg\" alt=\"Benfica-Turquel\" height=\"522px\" width=\"926px\"\/><\/p>\n<p><strong>DECLARA\u00c7\u00d5ES<\/strong><\/p>\n<p><strong>Edu Castro (treinador do Benfica)<\/strong>: &#8220;Jogo do Benfica muito equilibrado na defesa e no ataque com as linhas muito juntas para que eles n\u00e3o tivessem as finaliza\u00e7\u00f5es mais habituais que s\u00e3o remates de fora e o jogo especialmente perigoso que t\u00eam no 2.\u00ba poste. Sa\u00edmos bem no contra-ataque e a equipa fez um bom jogo. H\u00e1 muitos jogos pela frente para continuar bem. T\u00ednhamos vontade de jogar perante os nossos adeptos e fazer um jogo competitivo como aconteceu.&#8221;<\/p>\n<p><img decoding=\"async\" src=\"https:\/\/www.europesays.com\/pt\/wp-content\/uploads\/2025\/10\/goncalo-pinto-3-thumbnail.jpg\" alt=\"Gon\u00e7alo Pinto\" height=\"522px\" width=\"926px\"\/><\/p>\n<p><strong>Gon\u00e7alo Pinto (avan\u00e7ado do Benfica)<\/strong>: &#8220;\u00c9 uma exibi\u00e7\u00e3o boa, entr\u00e1mos com uma grande atitude, a pressionar muito a equipa do Turquel. Era importante termos bola, met\u00ea-los dentro da \u00e1rea defensiva deles. Fizemos um bom jogo, real\u00e7ar que n\u00e3o sofremos golos, que \u00e9 muito importante e entrar bem, em casa, com os 3 pontos era o que quer\u00edamos.&#8221;<\/p>\n<p><img decoding=\"async\" src=\"https:\/\/www.europesays.com\/pt\/wp-content\/uploads\/2025\/10\/pedro-henriques-thumbnail.jpg\" alt=\"Benfica-Turquel\" height=\"522px\" width=\"926px\"\/><\/p>\n<tr>\n<td style=\"background-color: #f2f2f2!important;\" colspan=\"3\"><strong>Campeonato Nacional (fase regular) | 1.\u00aa jornada | 12\/10\/2025<\/strong><\/td>\n<\/tr>\n<tr style=\"background-color: #ffffff;\">\n<td style=\"font-size: 25px !important; font-weight: 500; padding: 0 0 20px;\" colspan=\"3\">Benfica-HC Turquel<br \/>5-0<br \/>Pavilh\u00e3o Fidelidade<\/td>\n<\/tr>\n<tr>\n<td style=\"background-color: #f2f2f2!important;\" colspan=\"3\"><strong>Cinco inicial do Benfica<\/strong><\/td>\n<\/tr>\n<tr>\n<td style=\"padding: 15px 20px;\" colspan=\"3\">Pedro Henriques, Z\u00e9 Miranda, Roberto Di Benedetto, Nil Roca e Jo\u00e3o Rodrigues<\/td>\n<\/tr>\n<tr>\n<td style=\"background-color: #f2f2f2!important;\" colspan=\"3\"><strong>Suplentes<\/strong><\/td>\n<\/tr>\n<tr>\n<td style=\"padding: 15px 20px;\" colspan=\"3\">Conti Acevedo, Diogo Rafael, Viti, Lucas Ordo\u00f1ez e Gon\u00e7alo Pinto<\/td>\n<\/tr>\n<tr>\n<td style=\"background-color: #f2f2f2!important;\" colspan=\"3\"><strong>Treinador do Benfica<\/strong><\/td>\n<\/tr>\n<tr>\n<td style=\"padding: 15px 20px;\" colspan=\"3\">Edu Castro<\/td>\n<\/tr>\n<tr>\n<td style=\"background-color: #f2f2f2!important;\" colspan=\"3\"><strong>Cinco inicial do HC Turquel<\/strong><\/td>\n<\/tr>\n<tr>\n<td style=\"padding: 15px 20px;\" colspan=\"3\">Diogo Almeida, Ezequiel Funes, Tiago Mateus, Daniel Passos e Salvador Andr\u00e9<\/td>\n<\/tr>\n<tr>\n<td style=\"background-color: #f2f2f2!important;\" colspan=\"3\"><strong>Suplentes<\/strong><\/td>\n<\/tr>\n<tr>\n<td style=\"padding: 15px 20px;\" colspan=\"3\">Jo\u00e3o Antunes, Jos\u00e9 Filipe, Xavier Louren\u00e7o, Miguel Vicente e Francisco Sanchez<\/td>\n<\/tr>\n<tr>\n<td style=\"border-right: 1px solid #f4f4f4;\" colspan=\"2\"><strong>Ao intervalo<\/strong><\/td>\n<td colspan=\"1\">3-0<\/td>\n<\/tr>\n<tr>\n<td style=\"background-color: #f2f2f2!important;\" colspan=\"3\"><strong>Golos<\/strong><\/td>\n<\/tr>\n<tr>\n<td colspan=\"3\"><strong>\u00a0Benfica:\u00a0<\/strong>Roberto Di Benedetto (10&#8242;), Gon\u00e7alo Pinto (21&#8242;), Z\u00e9 Miranda (24&#8242;), Jo\u00e3o Rodrigues (34&#8242;) e\u00a0Lucas Ordo\u00f1ez (35&#8242;)<\/td>\n<\/tr>\n","protected":false},"excerpt":{"rendered":"RESUMO DO JOGO Campeonato Nacional 1.\u00aa jornadaFase regular RESULTADO FINALINT: 3-0 Benfica 5 HC Turquel 0 Marcadores \u00a0Roberto&hellip;\n","protected":false},"author":2,"featured_media":108189,"comment_status":"","ping_status":"","sticky":false,"template":"","format":"standard","meta":{"footnotes":""},"categories":[87],"tags":[135,32,33,134],"class_list":{"0":"post-108188","1":"post","2":"type-post","3":"status-publish","4":"format-standard","5":"has-post-thumbnail","7":"category-desporto","8":"tag-desporto","9":"tag-portugal","10":"tag-pt","11":"tag-sports"},"share_on_mastodon":{"url":"","error":""},"_links":{"self":[{"href":"https:\/\/www.europesays.com\/pt\/wp-json\/wp\/v2\/posts\/108188","targetHints":{"allow":["GET"]}}],"collection":[{"href":"https:\/\/www.europesays.com\/pt\/wp-json\/wp\/v2\/posts"}],"about":[{"href":"https:\/\/www.europesays.com\/pt\/wp-json\/wp\/v2\/types\/post"}],"author":[{"embeddable":true,"href":"https:\/\/www.europesays.com\/pt\/wp-json\/wp\/v2\/users\/2"}],"replies":[{"embeddable":true,"href":"https:\/\/www.europesays.com\/pt\/wp-json\/wp\/v2\/comments?post=108188"}],"version-history":[{"count":0,"href":"https:\/\/www.europesays.com\/pt\/wp-json\/wp\/v2\/posts\/108188\/revisions"}],"wp:featuredmedia":[{"embeddable":true,"href":"https:\/\/www.europesays.com\/pt\/wp-json\/wp\/v2\/media\/108189"}],"wp:attachment":[{"href":"https:\/\/www.europesays.com\/pt\/wp-json\/wp\/v2\/media?parent=108188"}],"wp:term":[{"taxonomy":"category","embeddable":true,"href":"https:\/\/www.europesays.com\/pt\/wp-json\/wp\/v2\/categories?post=108188"},{"taxonomy":"post_tag","embeddable":true,"href":"https:\/\/www.europesays.com\/pt\/wp-json\/wp\/v2\/tags?post=108188"}],"curies":[{"name":"wp","href":"https:\/\/api.w.org\/{rel}","templated":true}]}}