{"id":108194,"date":"2025-10-12T21:43:18","date_gmt":"2025-10-12T21:43:18","guid":{"rendered":"https:\/\/www.europesays.com\/pt\/108194\/"},"modified":"2025-10-12T21:43:18","modified_gmt":"2025-10-12T21:43:18","slug":"montenegro-nao-me-vou-demitir-podem-ja-tirar-esse-cavalinho-da-chuva-autarquicas-2025","status":"publish","type":"post","link":"https:\/\/www.europesays.com\/pt\/108194\/","title":{"rendered":"Montenegro: \u201cN\u00e3o me vou demitir. Podem j\u00e1 tirar esse cavalinho da chuva\u201d | Aut\u00e1rquicas 2025"},"content":{"rendered":"<p>O presidente do PSD, <a href=\"https:\/\/www.publico.pt\/luis-montenegro\" rel=\"nofollow noopener\" target=\"_blank\">Lu\u00eds Montenegro<\/a>, n\u00e3o tem medo de ir a elei\u00e7\u00f5es e quer vencer as aut\u00e1rquicas esta noite, mas seja qual for o resultado, o tamb\u00e9m primeiro-ministro deixou j\u00e1 a garantia de que n\u00e3o se vai demitir, ao contr\u00e1rio do que fez Ant\u00f3nio Guterres em 2001. O chefe do executivo considera que, nestas elei\u00e7\u00f5es, tamb\u00e9m est\u00e1 em causa uma avalia\u00e7\u00e3o do trabalho do Governo \u2014 \u201cDe alguma maneira, o partido pol\u00edtico que lidera o Governo tem a expectativa de que, tamb\u00e9m na sua capacidade de liga\u00e7\u00e3o \u00e0s comunidades locais, possa estabelecer um contrato social, pol\u00edtico, forte.\u201d E \u00e9 isso que pretende.<\/p>\n<p>O secret\u00e1rio-geral do PSD, <a href=\"https:\/\/www.publico.pt\/hugo-soares\" rel=\"nofollow noopener\" target=\"_blank\">Hugo Soares<\/a>, j\u00e1 tinha avisado que ia ser uma \u201cnoite longa\u201d, mas mostrou-se \u201cmuito confiante\u201d nas candidaturas do partido. Lu\u00eds Montenegro, que chegou \u00e0 sede do PSD no Porto poucos minutos antes das 20h, prometeu aguardar \u201ccom serenidade\u201d os resultados, \u201colhar para todos os pontos\u201d do territ\u00f3rio \u201ccom o mesmo interesse\u201d, e disse estar \u201cmuito tranquilo\u201d por entender que o partido apresentou \u201ccandidaturas fort\u00edssimas\u201d.<\/p>\n<p>De seguida, destacou o projecto que tem para o pa\u00eds, \u201cque est\u00e1 em execu\u00e7\u00e3o e que tamb\u00e9m mereceu a sua express\u00e3o do ponto de vista territorial\u201d com as candidaturas do PSD. Lu\u00eds Montenegro disse estar \u201ca trabalhar nas aut\u00e1rquicas desde 2022\u201d \u2014 \u201cA partir de Setembro de 2022, percorri o pa\u00eds ainda na oposi\u00e7\u00e3o nacional, estando nos 308 concelhos do pa\u00eds com todos os movimentos que a partir do PSD se estavam a desenhar na abordagem a estas aut\u00e1rquicas.\u201d<\/p>\n<p>Questionado sobre se mant\u00e9m que os autarcas devem estar mais alinhados com o Governo e que isso acontece se esses forem do PSD, disse que sim. \u201cO Governo tem uma filosofia pol\u00edtica, tem um programa pol\u00edtico e trabalha com todos os autarcas, sejam eles de que partido forem, ou at\u00e9 de movimentos independentes\u201d, argumentou Lu\u00eds Montenegro.<\/p>\n<p>Ao mesmo tempo, n\u00e3o nega que nesta noite de elei\u00e7\u00f5es tamb\u00e9m est\u00e1 em causa uma avalia\u00e7\u00e3o do Governo. \u201cAcho que sim, de alguma maneira, o partido pol\u00edtico que lidera o Governo tem a expectativa de que, tamb\u00e9m na sua capacidade de liga\u00e7\u00e3o \u00e0s comunidades locais, possa estabelecer um contrato social, pol\u00edtico, forte, [\u00e9 o] que eu pretendo\u201d, respondeu, e destacou que nunca teve \u201cmedo de elei\u00e7\u00f5es\u201d.<\/p>\n<p>\u201cJ\u00e1 estive muitos anos na oposi\u00e7\u00e3o. Tenho muitos quil\u00f3metros de actividade pol\u00edtica e h\u00e1 uma coisa que quero: s\u00f3 quero exercer fun\u00e7\u00f5es pol\u00edticas na base da confian\u00e7a do povo, portanto, nunca me importo de estar em ju\u00edzo e em julgamento\u201d, acrescentou.<\/p>\n<p>Quanto a leituras nacionais, deixou a garantia de que, sejam elas quais forem, n\u00e3o se vai demitir. \u201cN\u00e3o me vou demitir, de certeza. Podem j\u00e1 tirar esse cavalinho da chuva. Essa not\u00edcia n\u00e3o v\u00e3o ter\u201d, assegurou.<\/p>\n<p>\u201cVou olhar para os resultados, como \u00e9 minha obriga\u00e7\u00e3o, de norte a sul do pa\u00eds, passando pelas regi\u00f5es aut\u00f3nomas, e vou dizer-vos aquilo que \u00e9 a nossa e a minha leitura pol\u00edtica desses resultados\u201d, afirmou Lu\u00eds Montenegro, mostrando vontade de vencer mais c\u00e2maras e reconhecendo ao mesmo tempo que o PSD parte de \u201cuma desvantagem muito grande\u201d \u2014 com 114 <a href=\"https:\/\/www.publico.pt\/2025\/10\/12\/politica\/noticia\/bastioes-ameacas-governo-mudou-pais-50-anos-autarquicas-2150486\" rel=\"nofollow noopener\" target=\"_blank\">autarcas<\/a> face a 149 do PS.<\/p>\n","protected":false},"excerpt":{"rendered":"O presidente do PSD, Lu\u00eds Montenegro, n\u00e3o tem medo de ir a elei\u00e7\u00f5es e quer vencer as aut\u00e1rquicas&hellip;\n","protected":false},"author":2,"featured_media":108195,"comment_status":"","ping_status":"","sticky":false,"template":"","format":"standard","meta":{"footnotes":""},"categories":[10],"tags":[2431,27,28,2258,15,16,14,25,26,1447,21,22,12,13,19,20,52,32,23,24,4579,33,17,18,29,30,31],"class_list":{"0":"post-108194","1":"post","2":"type-post","3":"status-publish","4":"format-standard","5":"has-post-thumbnail","7":"category-portugal","8":"tag-autarquicas-2025","9":"tag-breaking-news","10":"tag-breakingnews","11":"tag-eleicoes","12":"tag-featured-news","13":"tag-featurednews","14":"tag-headlines","15":"tag-latest-news","16":"tag-latestnews","17":"tag-luis-montenegro","18":"tag-main-news","19":"tag-mainnews","20":"tag-news","21":"tag-noticias","22":"tag-noticias-principais","23":"tag-noticiasprincipais","24":"tag-politica","25":"tag-portugal","26":"tag-principais-noticias","27":"tag-principaisnoticias","28":"tag-psd","29":"tag-pt","30":"tag-top-stories","31":"tag-topstories","32":"tag-ultimas","33":"tag-ultimas-noticias","34":"tag-ultimasnoticias"},"share_on_mastodon":{"url":"","error":""},"_links":{"self":[{"href":"https:\/\/www.europesays.com\/pt\/wp-json\/wp\/v2\/posts\/108194","targetHints":{"allow":["GET"]}}],"collection":[{"href":"https:\/\/www.europesays.com\/pt\/wp-json\/wp\/v2\/posts"}],"about":[{"href":"https:\/\/www.europesays.com\/pt\/wp-json\/wp\/v2\/types\/post"}],"author":[{"embeddable":true,"href":"https:\/\/www.europesays.com\/pt\/wp-json\/wp\/v2\/users\/2"}],"replies":[{"embeddable":true,"href":"https:\/\/www.europesays.com\/pt\/wp-json\/wp\/v2\/comments?post=108194"}],"version-history":[{"count":0,"href":"https:\/\/www.europesays.com\/pt\/wp-json\/wp\/v2\/posts\/108194\/revisions"}],"wp:featuredmedia":[{"embeddable":true,"href":"https:\/\/www.europesays.com\/pt\/wp-json\/wp\/v2\/media\/108195"}],"wp:attachment":[{"href":"https:\/\/www.europesays.com\/pt\/wp-json\/wp\/v2\/media?parent=108194"}],"wp:term":[{"taxonomy":"category","embeddable":true,"href":"https:\/\/www.europesays.com\/pt\/wp-json\/wp\/v2\/categories?post=108194"},{"taxonomy":"post_tag","embeddable":true,"href":"https:\/\/www.europesays.com\/pt\/wp-json\/wp\/v2\/tags?post=108194"}],"curies":[{"name":"wp","href":"https:\/\/api.w.org\/{rel}","templated":true}]}}