{"id":108198,"date":"2025-10-12T21:45:11","date_gmt":"2025-10-12T21:45:11","guid":{"rendered":"https:\/\/www.europesays.com\/pt\/108198\/"},"modified":"2025-10-12T21:45:11","modified_gmt":"2025-10-12T21:45:11","slug":"por-que-virginia-fonseca-decidiu-se-desconectar-das-redes-aos-domingos","status":"publish","type":"post","link":"https:\/\/www.europesays.com\/pt\/108198\/","title":{"rendered":"Por que Virg\u00ednia Fonseca decidiu se desconectar das redes aos domingos?"},"content":{"rendered":"\n<p class=\" content-text__container \" data-track-category=\"Link no Texto\" data-track-links=\"\"> A iniciativa, revelada por ela mesma nas redes sociais no m\u00eas passado, combina dois desafios: passar o dia inteiro sem consumir a\u00e7\u00facar e sem utilizar o celular. A proposta, segundo Virg\u00ednia, \u00e9 uma tentativa de cuidar do corpo e da mente, desacelerando do ritmo intenso a que est\u00e1 acostumada. <\/p>\n<p class=\" content-text__container \" data-track-category=\"Link no Texto\" data-track-links=\"\"> &#8220;Vou contar uma coisa para voc\u00eas: comecei um prop\u00f3sito, vou ficar sem a\u00e7\u00facar e sem mexer no celular aos domingos. N\u00e3o sei o que vou arrumar, vai ser muito dif\u00edcil para mim&#8221;, disse, \u00e0 \u00e9poca, nos Stories. Desde ent\u00e3o, a rotina de domingo da apresentadora ficou livre de notifica\u00e7\u00f5es, grava\u00e7\u00f5es e intera\u00e7\u00f5es com os milh\u00f5es de seguidores. <\/p>\n<p class=\" content-text__container \" data-track-category=\"Link no Texto\" data-track-links=\"\"> Essa n\u00e3o \u00e9 a primeira vez que Virg\u00ednia se prop\u00f5e a abrir m\u00e3o de h\u00e1bitos cotidianos em nome de um prop\u00f3sito. Em 2023, ela tamb\u00e9m escolheu um dia da semana para se afastar do celular, \u00e0s sextas-feiras, evitava qualquer contato com o aparelho. <\/p>\n","protected":false},"excerpt":{"rendered":"A iniciativa, revelada por ela mesma nas redes sociais no m\u00eas passado, combina dois desafios: passar o dia&hellip;\n","protected":false},"author":2,"featured_media":108199,"comment_status":"","ping_status":"","sticky":false,"template":"","format":"standard","meta":{"footnotes":""},"categories":[145],"tags":[211,210,114,115,319,32,33,318],"class_list":{"0":"post-108198","1":"post","2":"type-post","3":"status-publish","4":"format-standard","5":"has-post-thumbnail","7":"category-celebridades","8":"tag-celebridades","9":"tag-celebrities","10":"tag-entertainment","11":"tag-entretenimento","12":"tag-hard-news","13":"tag-portugal","14":"tag-pt","15":"tag-radar"},"share_on_mastodon":{"url":"","error":""},"_links":{"self":[{"href":"https:\/\/www.europesays.com\/pt\/wp-json\/wp\/v2\/posts\/108198","targetHints":{"allow":["GET"]}}],"collection":[{"href":"https:\/\/www.europesays.com\/pt\/wp-json\/wp\/v2\/posts"}],"about":[{"href":"https:\/\/www.europesays.com\/pt\/wp-json\/wp\/v2\/types\/post"}],"author":[{"embeddable":true,"href":"https:\/\/www.europesays.com\/pt\/wp-json\/wp\/v2\/users\/2"}],"replies":[{"embeddable":true,"href":"https:\/\/www.europesays.com\/pt\/wp-json\/wp\/v2\/comments?post=108198"}],"version-history":[{"count":0,"href":"https:\/\/www.europesays.com\/pt\/wp-json\/wp\/v2\/posts\/108198\/revisions"}],"wp:featuredmedia":[{"embeddable":true,"href":"https:\/\/www.europesays.com\/pt\/wp-json\/wp\/v2\/media\/108199"}],"wp:attachment":[{"href":"https:\/\/www.europesays.com\/pt\/wp-json\/wp\/v2\/media?parent=108198"}],"wp:term":[{"taxonomy":"category","embeddable":true,"href":"https:\/\/www.europesays.com\/pt\/wp-json\/wp\/v2\/categories?post=108198"},{"taxonomy":"post_tag","embeddable":true,"href":"https:\/\/www.europesays.com\/pt\/wp-json\/wp\/v2\/tags?post=108198"}],"curies":[{"name":"wp","href":"https:\/\/api.w.org\/{rel}","templated":true}]}}