{"id":108204,"date":"2025-10-12T21:56:09","date_gmt":"2025-10-12T21:56:09","guid":{"rendered":"https:\/\/www.europesays.com\/pt\/108204\/"},"modified":"2025-10-12T21:56:09","modified_gmt":"2025-10-12T21:56:09","slug":"apesar-da-paralisacao-do-governo-federal-trump-garante-salarios-aos-militares-estados-unidos","status":"publish","type":"post","link":"https:\/\/www.europesays.com\/pt\/108204\/","title":{"rendered":"Apesar da paralisa\u00e7\u00e3o do Governo federal, Trump garante sal\u00e1rios aos militares | Estados Unidos"},"content":{"rendered":"<p>Enquanto continua a ser impedido pelos tribunais de enviar soldados para <a href=\"https:\/\/www.publico.pt\/2025\/09\/27\/mundo\/noticia\/trump-anuncia-envio-tropas-portland-lidar-terroristas-domesticos-2148804\" rel=\"nofollow noopener\" target=\"_blank\">Portland<\/a> e <a href=\"https:\/\/www.publico.pt\/2025\/09\/07\/mundo\/noticia\/donald-trump-ameaca-chicago-guerra-recebe-resposta-aspirante-ditador-2146281\" rel=\"nofollow noopener\" target=\"_blank\">Chicago<\/a>, dois basti\u00f5es democratas, Trump recorreu \u00e0 sua rede social para dizer que mesmo com o Governo federal paralisado (em <a href=\"https:\/\/www.publico.pt\/2025\/10\/01\/mundo\/noticia\/governo-eua-shutdown-aconteceu-consequencias-2149226\" rel=\"nofollow noopener\" target=\"_blank\">shutdown<\/a>, segundo a express\u00e3o usada nos Estados Unidos) por <a href=\"https:\/\/www.publico.pt\/2025\/10\/01\/mundo\/noticia\/governo-federal-eua-entra-paralisacao-apos-falta-acordo-senado-2149174\" rel=\"nofollow noopener\" target=\"_blank\">falta de acordo or\u00e7amental<\/a> entre os partidos no Congresso, n\u00e3o deixar\u00e1 de <a href=\"https:\/\/www.publico.pt\/2025\/10\/11\/mundo\/noticia\/primeira-historia-militares-eua-podem-nao-receber-salario-tempo-2150474\" rel=\"nofollow noopener\" target=\"_blank\">pagar aos militares<\/a>.<\/p>\n<p>\u201cEstou a usar a minha autoridade, como comandante-chefe, para instruir o nosso secret\u00e1rio da Guerra, Pete Hegseth, a usar todos os fundos dispon\u00edveis para que as nossas tropas sejam PAGAS no dia 15 de Outubro\u201d, escreveu o presidente Donald Trump, numa publica\u00e7\u00e3o na plataforma Truth Social.<\/p>\n<p>A Reuters explica que os fundos encontrados pelo Presidente dos Estados Unidos para pagar \u00e0s tropas at\u00e9 meados do m\u00eas s\u00e3o verbas que estavam reservadas para \u00e1reas como a Investiga\u00e7\u00e3o e Desenvolvimento. Em causa est\u00e3o cerca de oito mil milh\u00f5es de d\u00f3lares (cerca de 6,8 mil milh\u00f5es de euros), refere a ag\u00eancia noticiosa, citando um funcion\u00e1rio do Pent\u00e1gono.<\/p>\n<p>\u201cN\u00e3o permitirei que os democratas mantenham as nossas for\u00e7as armadas e toda a seguran\u00e7a da nossa na\u00e7\u00e3o como REF\u00c9NS com o seu perigoso encerramento do governo. Os democratas radicais de esquerda devem ABRIR O GOVERNO\u201d, escreveu Trump.<\/p>\n<p>De acordo com o Guardian, uma vez que a paralisa\u00e7\u00e3o do Governo federal dos Estados Unidos se iniciou a 1 de Outubro (\u00e9 a primeira vez que tal acontece desde Dezembro de 2018), mais de 1,3 milh\u00f5es de militares em todo o pa\u00eds n\u00e3o receberiam os seus primeiros sal\u00e1rios deste m\u00eas, recebendo apenas o pagamento referente ao per\u00edodo de 21 a 30 de Setembro, ainda que fossem compensados quando acabasse o shutdown, algo que ainda n\u00e3o se prev\u00ea quando possa acontecer (os democratas exigem a amplia\u00e7\u00e3o de benef\u00edcios de sa\u00fade para aprovarem um or\u00e7amento republicano).<\/p>\n<p>Devido \u00e0 falta de financiamento, todos os servi\u00e7os e actividades consideradas \u201cn\u00e3o essenciais\u201d nos diversos departamentos federais ficam congelados e milhares de trabalhadores federais s\u00e3o suspensos temporariamente, at\u00e9 existir um acordo. Alguns, como os controladores de<a href=\"https:\/\/www.publico.pt\/2025\/10\/09\/mundo\/noticia\/shutdown-governo-federal-ameaca-paralisar-trafego-aereo-eua-2150146\" rel=\"nofollow noopener\" target=\"_blank\"> tr\u00e1fego a\u00e9reo<\/a>, for\u00e7as de seguran\u00e7a e militares, devem continuar no activo, mesmo sem receberem.<\/p>\n<p>Estima-se que cerca de 750 mil funcion\u00e1rios federais tenham sido mandados para casa e, num movimento in\u00e9dito, o Governo federal est\u00e1 a aproveitar para fazer despedimentos durante esta paralisa\u00e7\u00e3o, tendo j\u00e1 afastado quatro mil pessoas, segundo a BBC.<\/p>\n<p>Para Trump, \u00e9 importante transmitir o apoio da Casa Branca aos militares, num momento em que trava um <a href=\"https:\/\/www.publico.pt\/2025\/10\/08\/mundo\/noticia\/trump-governador-illinois-mayor-chicago-estar-cadeia-2150103\" rel=\"nofollow noopener\" target=\"_blank\">bra\u00e7o-de-ferro contra v\u00e1rios presidentes de c\u00e2mara e governadores<\/a> de estados democratas que se op\u00f5em ao envio de tropas para as suas cidades, para reprimir a vaga de protestos contra as pol\u00edticas anti-imigra\u00e7\u00e3o da Casa Branca e a <a href=\"https:\/\/www.publico.pt\/2025\/10\/11\/mundo\/noticia\/eua-mortes-custodia-ice-atingem-valor-alto-duas-decadas-2150358?ref=imigracao&amp;cx=page__content\" rel=\"nofollow noopener\" target=\"_blank\">ac\u00e7\u00e3o da pol\u00edcia para a imigra\u00e7\u00e3o<\/a> (ICE, na sigla em ingl\u00eas), que usa t\u00e9cnicas intimidat\u00f3rias e for\u00e7a desproporcionada na captura dos chamados ilegais.<\/p>\n<p><strong>Derrota em Chicago<\/strong><\/p>\n<p>Mas a justi\u00e7a <a href=\"https:\/\/www.publico.pt\/2025\/10\/06\/mundo\/noticia\/juiza-trava-envio-tropas-portland-illinois-vai-tribunal-tentar-impedilas-chicago-2149826\" rel=\"nofollow noopener\" target=\"_blank\">n\u00e3o tem estado do lado da Administra\u00e7\u00e3o Trump<\/a>, que ainda no final da semana sofreu mais uma derrota quando a ju\u00edza federal April Perry emitiu uma ordem de restri\u00e7\u00e3o tempor\u00e1ria que suspende o envio de soldados para o Illinois (por duas semanas).<\/p>\n<p>Nesta decis\u00e3o, proferida em Chicago, a ju\u00edza considerou que as avalia\u00e7\u00f5es do Departamento de Seguran\u00e7a Interna sobre os protestos dos habitantes de Chicago contra as ac\u00e7\u00f5es do ICE \u201cn\u00e3o s\u00e3o cred\u00edveis\u201d.<\/p>\n<p>Trump tem feito v\u00e1rias declara\u00e7\u00f5es sobre a suposta criminalidade descontrolada de Chicago e, na semana passada, al\u00e9m de amea\u00e7ar <a href=\"https:\/\/www.publico.pt\/2025\/10\/07\/mundo\/noticia\/trump-ameaca-usar-lei-insurreicao-contornar-tribunais-impedido-destacar-tropas-2149953\" rel=\"nofollow noopener\" target=\"_blank\">recorrer \u00e0 Lei da Insurrei\u00e7\u00e3o<\/a> para poder ultrapassar quaisquer ordens judiciais que impe\u00e7am a mobiliza\u00e7\u00e3o de militares para lidar com assuntos internos, tamb\u00e9m disse que o presidente da C\u00e2mara de Chicago e o governador do estado de Illinois, ambos democratas, \u201cdeveriam estar na cadeia\u201d.<\/p>\n<p>\u201cN\u00e3o vi nenhuma evid\u00eancia cred\u00edvel de que tenha havido rebeli\u00e3o no estado de Illinois\u201d que justificasse a federaliza\u00e7\u00e3o dos soldados da Guarda Nacional, disse Perry. Mandar tropas para a rua seria como \u201catirar gasolina para a fogueira\u201d, afirmou a ju\u00edza, citada pela CNN.<\/p>\n<p>O Governo federalizou 300 membros da Guarda Nacional de Illinois e outros 200 membros da Guarda Nacional do Texas, que chegaram ao estado na semana passada, mas que, embora estejam impedidos de entrar na cidade, n\u00e3o precisam de regressar a casa a n\u00e3o ser que o tribunal o determine.<\/p>\n<p>A porta-voz da Casa Branca, Abigail Jackson, disse \u00e0 CNN que \u201co Presidente Trump n\u00e3o fechar\u00e1 os olhos \u00e0 ilegalidade que assola as cidades americanas\u201d e que espera que um tribunal superior lhe d\u00ea raz\u00e3o.<\/p>\n","protected":false},"excerpt":{"rendered":"Enquanto continua a ser impedido pelos tribunais de enviar soldados para Portland e Chicago, dois basti\u00f5es democratas, Trump&hellip;\n","protected":false},"author":2,"featured_media":108205,"comment_status":"","ping_status":"","sticky":false,"template":"","format":"standard","meta":{"footnotes":""},"categories":[50],"tags":[27,28,5914,6376,92,235,15,16,14,25,26,21,22,8498,62,12,13,19,20,9725,23,24,17,18,29,30,31,63,64,65],"class_list":{"0":"post-108204","1":"post","2":"type-post","3":"status-publish","4":"format-standard","5":"has-post-thumbnail","7":"category-mundo","8":"tag-breaking-news","9":"tag-breakingnews","10":"tag-casa-branca","11":"tag-chicago","12":"tag-donald-trump","13":"tag-estados-unidos","14":"tag-featured-news","15":"tag-featurednews","16":"tag-headlines","17":"tag-latest-news","18":"tag-latestnews","19":"tag-main-news","20":"tag-mainnews","21":"tag-militares","22":"tag-mundo","23":"tag-news","24":"tag-noticias","25":"tag-noticias-principais","26":"tag-noticiasprincipais","27":"tag-partido-democrata","28":"tag-principais-noticias","29":"tag-principaisnoticias","30":"tag-top-stories","31":"tag-topstories","32":"tag-ultimas","33":"tag-ultimas-noticias","34":"tag-ultimasnoticias","35":"tag-world","36":"tag-world-news","37":"tag-worldnews"},"share_on_mastodon":{"url":"","error":""},"_links":{"self":[{"href":"https:\/\/www.europesays.com\/pt\/wp-json\/wp\/v2\/posts\/108204","targetHints":{"allow":["GET"]}}],"collection":[{"href":"https:\/\/www.europesays.com\/pt\/wp-json\/wp\/v2\/posts"}],"about":[{"href":"https:\/\/www.europesays.com\/pt\/wp-json\/wp\/v2\/types\/post"}],"author":[{"embeddable":true,"href":"https:\/\/www.europesays.com\/pt\/wp-json\/wp\/v2\/users\/2"}],"replies":[{"embeddable":true,"href":"https:\/\/www.europesays.com\/pt\/wp-json\/wp\/v2\/comments?post=108204"}],"version-history":[{"count":0,"href":"https:\/\/www.europesays.com\/pt\/wp-json\/wp\/v2\/posts\/108204\/revisions"}],"wp:featuredmedia":[{"embeddable":true,"href":"https:\/\/www.europesays.com\/pt\/wp-json\/wp\/v2\/media\/108205"}],"wp:attachment":[{"href":"https:\/\/www.europesays.com\/pt\/wp-json\/wp\/v2\/media?parent=108204"}],"wp:term":[{"taxonomy":"category","embeddable":true,"href":"https:\/\/www.europesays.com\/pt\/wp-json\/wp\/v2\/categories?post=108204"},{"taxonomy":"post_tag","embeddable":true,"href":"https:\/\/www.europesays.com\/pt\/wp-json\/wp\/v2\/tags?post=108204"}],"curies":[{"name":"wp","href":"https:\/\/api.w.org\/{rel}","templated":true}]}}