{"id":108212,"date":"2025-10-12T22:03:07","date_gmt":"2025-10-12T22:03:07","guid":{"rendered":"https:\/\/www.europesays.com\/pt\/108212\/"},"modified":"2025-10-12T22:03:07","modified_gmt":"2025-10-12T22:03:07","slug":"ps-conta-manter-se-como-partido-com-mais-camaras-e-duplicar-capitais-distrito","status":"publish","type":"post","link":"https:\/\/www.europesays.com\/pt\/108212\/","title":{"rendered":"PS conta manter-se como partido com mais c\u00e2maras e duplicar capitais distrito"},"content":{"rendered":"<p>&#13;<br \/>\n&#8220;As not\u00edcias da\u00a0eros\u00e3o estrutural do ponto de vista eleitoral do Partido Socialista eram manifestamente exageradas&#8221;, disse o pelo coordenador aut\u00e1rquico do PS, Andr\u00e9 Rijo, numa declara\u00e7\u00e3o aos jornalistas na sede do PS, em Lisboa.&#13;\n<\/p>\n<p>&#13;<br \/>\nO respons\u00e1vel socialista afirmou que, &#8220;com elevada probabilidade&#8221;, o PS &#8220;conseguir\u00e1 alcan\u00e7ar, sensivelmente,\u00a0exatamente o mesmo n\u00famero de votos que teve h\u00e1 quatro anos&#8221; e conseguir\u00e1\u00a0tamb\u00e9m &#8220;manter-se como o partido que conquista mais presid\u00eancias de c\u00e2mara\u00a0no pa\u00eds&#8221;.&#13;\n<\/p>\n<p>&#13;<br \/>\n&#8220;Queria tamb\u00e9m dizer que j\u00e1 \u00e9 poss\u00edvel chegarmos a uma conclus\u00e3o, que \u00e9 o facto de o\u00a0Partido Socialista, tamb\u00e9m elevada probabilidade, vir a conquistar mais capitais de distrito, o que\u00a0significa que vamos praticamente, diria, duplicar as capitais de distrito que atualmente temos e,\u00a0eventualmente, acrescer ainda mais uma capital de distrito&#8221;, disse.&#13;\n<\/p>\n<p>&#13;<br \/>\nQuestionado sobre as capitais de distrito esperava ganhar, Andr\u00e9 Rijo disse ser Faro, Coimbra, Braga, Viseu,\u00a0Bragan\u00e7a, \u00c9vora e Aveiro, esperando manter as atuais cinco.&#13;\n<\/p>\n<p>&#13;<br \/>\n&#8220;Finalmente, dizer que estamos a lutar,\u00a0taco a taco, para poder ganhar Lisboa e o Porto&#8221;, acrescentou.&#13;\n<\/p>\n<p>&#13;<br \/>\n\u00a0&#13;\n<\/p>\n<p>&#13;<br \/>\nJF \/\/ JPS&#13;\n<\/p>\n<p>&#13;<br \/>\n\u00a0&#13;\n<\/p>\n<p>&#13;<br \/>\n\u00a0&#13;\n<\/p>\n<p>&#13;<br \/>\n\u00a0&#13;\n<\/p>\n<p>&#13;<br \/>\n\u00a0&#13;\n<\/p>\n<p>&#13;<br \/>\n\u00a0&#13;<\/p>\n","protected":false},"excerpt":{"rendered":"&#13; &#8220;As not\u00edcias da\u00a0eros\u00e3o estrutural do ponto de vista eleitoral do Partido Socialista eram manifestamente exageradas&#8221;, disse o&hellip;\n","protected":false},"author":2,"featured_media":106113,"comment_status":"","ping_status":"","sticky":false,"template":"","format":"standard","meta":{"footnotes":""},"categories":[141],"tags":[114,115,9475,149,150,32,33],"class_list":{"0":"post-108212","1":"post","2":"type-post","3":"status-publish","4":"format-standard","5":"has-post-thumbnail","7":"category-musica","8":"tag-entertainment","9":"tag-entretenimento","10":"tag-faro","11":"tag-music","12":"tag-musica","13":"tag-portugal","14":"tag-pt"},"share_on_mastodon":{"url":"","error":""},"_links":{"self":[{"href":"https:\/\/www.europesays.com\/pt\/wp-json\/wp\/v2\/posts\/108212","targetHints":{"allow":["GET"]}}],"collection":[{"href":"https:\/\/www.europesays.com\/pt\/wp-json\/wp\/v2\/posts"}],"about":[{"href":"https:\/\/www.europesays.com\/pt\/wp-json\/wp\/v2\/types\/post"}],"author":[{"embeddable":true,"href":"https:\/\/www.europesays.com\/pt\/wp-json\/wp\/v2\/users\/2"}],"replies":[{"embeddable":true,"href":"https:\/\/www.europesays.com\/pt\/wp-json\/wp\/v2\/comments?post=108212"}],"version-history":[{"count":0,"href":"https:\/\/www.europesays.com\/pt\/wp-json\/wp\/v2\/posts\/108212\/revisions"}],"wp:featuredmedia":[{"embeddable":true,"href":"https:\/\/www.europesays.com\/pt\/wp-json\/wp\/v2\/media\/106113"}],"wp:attachment":[{"href":"https:\/\/www.europesays.com\/pt\/wp-json\/wp\/v2\/media?parent=108212"}],"wp:term":[{"taxonomy":"category","embeddable":true,"href":"https:\/\/www.europesays.com\/pt\/wp-json\/wp\/v2\/categories?post=108212"},{"taxonomy":"post_tag","embeddable":true,"href":"https:\/\/www.europesays.com\/pt\/wp-json\/wp\/v2\/tags?post=108212"}],"curies":[{"name":"wp","href":"https:\/\/api.w.org\/{rel}","templated":true}]}}