{"id":108219,"date":"2025-10-12T22:12:11","date_gmt":"2025-10-12T22:12:11","guid":{"rendered":"https:\/\/www.europesays.com\/pt\/108219\/"},"modified":"2025-10-12T22:12:11","modified_gmt":"2025-10-12T22:12:11","slug":"mariana-leitao-confiante-nos-resultados-e-numa-vitoria-das-crencas-liberais","status":"publish","type":"post","link":"https:\/\/www.europesays.com\/pt\/108219\/","title":{"rendered":"Mariana Leit\u00e3o confiante nos resultados e numa vit\u00f3ria das &#8220;cren\u00e7as liberais&#8221;"},"content":{"rendered":"<p>&#13;<br \/>\n&#8220;Espero daqui a pouco poder dizer que os nossos objetivos foram alcan\u00e7ados e que, portanto, \u00e9 uma noite de vit\u00f3ria&#8221;, afirmou Mariana Leit\u00e3o, \u00e0 chegada \u00e0 sede da IL, no Porto, onde ir\u00e1 acompanhar os resultados. &#13;\n<\/p>\n<p>&#13;<br \/>\nH\u00e1 v\u00e1rios munic\u00edpios onde &#8220;as probabilidades s\u00e3o muito favor\u00e1veis \u00e0 Iniciativa Liberal, onde as campanhas foram muito boas e onde os nossos candidatos se dedicaram de forma exemplar&#8221;, disse a l\u00edder liberal, que acredita na elei\u00e7\u00e3o de vereadores para al\u00e9m das candidaturas onde a IL segue coligada com o PSD. &#13;\n<\/p>\n<p>&#13;<br \/>\n&#8220;Eu estou muito crente que em Braga vamos ter um extraordin\u00e1rio resultado noutros s\u00edtios, tamb\u00e9m em Cascais, em Set\u00fabal e, portanto, vamos aguardar pelo fim da noite para confirmarmos&#8221;, acrescentou a l\u00edder da IL, eleita h\u00e1 poucos meses, que estabeleceu como objetivo triplicar o n\u00famero de eleitos em 2021 (um presidente de junta e 90 deputados municipais).&#13;\n<\/p>\n<p>&#13;<br \/>\nEsta foi a primeria campanha como l\u00edder da IL, e Mariana Leit\u00e3o mostra-se satisfeita com o trabalho feito, com uma &#8220;cren\u00e7a nas ideias liberais e com uma vontade enorme de as p\u00f4r em pr\u00e1tica&#8221; nas autarquias. &#13;\n<\/p>\n<p>&#13;<br \/>\nDizendo-se &#8220;super entusiasmada e muito bem disposta&#8221;, Mariana Leit\u00e3o n\u00e3o acha que \u00e9 &#8220;assim t\u00e3o diferente&#8221; assistir aos resultados como l\u00edder. &#13;\n<\/p>\n<p>&#13;<br \/>\n&#8220;Mesmo enquanto membro, enquanto quadro do partido, h\u00e1 sempre uma enorme expectativa em rela\u00e7\u00e3o \u00e0s noites eleitorais&#8221;, recordou. &#13;\n<\/p>\n<p>&#13;<br \/>\nHoje, a &#8220;minha vontade \u00e9 que alcancemos os nossos objetivos e cantar vit\u00f3ria daqui a poucas horas&#8221;, acrescentou ainda.&#13;<\/p>\n","protected":false},"excerpt":{"rendered":"&#13; &#8220;Espero daqui a pouco poder dizer que os nossos objetivos foram alcan\u00e7ados e que, portanto, \u00e9 uma&hellip;\n","protected":false},"author":2,"featured_media":106113,"comment_status":"","ping_status":"","sticky":false,"template":"","format":"standard","meta":{"footnotes":""},"categories":[8],"tags":[15187,27,28,4644,15,16,14,25,26,21,22,12,13,19,20,32,23,24,33,17,18,29,30,31],"class_list":{"0":"post-108219","1":"post","2":"type-post","3":"status-publish","4":"format-standard","5":"has-post-thumbnail","7":"category-principais-noticias","8":"tag-autarquicas","9":"tag-breaking-news","10":"tag-breakingnews","11":"tag-cascais","12":"tag-featured-news","13":"tag-featurednews","14":"tag-headlines","15":"tag-latest-news","16":"tag-latestnews","17":"tag-main-news","18":"tag-mainnews","19":"tag-news","20":"tag-noticias","21":"tag-noticias-principais","22":"tag-noticiasprincipais","23":"tag-portugal","24":"tag-principais-noticias","25":"tag-principaisnoticias","26":"tag-pt","27":"tag-top-stories","28":"tag-topstories","29":"tag-ultimas","30":"tag-ultimas-noticias","31":"tag-ultimasnoticias"},"share_on_mastodon":{"url":"","error":""},"_links":{"self":[{"href":"https:\/\/www.europesays.com\/pt\/wp-json\/wp\/v2\/posts\/108219","targetHints":{"allow":["GET"]}}],"collection":[{"href":"https:\/\/www.europesays.com\/pt\/wp-json\/wp\/v2\/posts"}],"about":[{"href":"https:\/\/www.europesays.com\/pt\/wp-json\/wp\/v2\/types\/post"}],"author":[{"embeddable":true,"href":"https:\/\/www.europesays.com\/pt\/wp-json\/wp\/v2\/users\/2"}],"replies":[{"embeddable":true,"href":"https:\/\/www.europesays.com\/pt\/wp-json\/wp\/v2\/comments?post=108219"}],"version-history":[{"count":0,"href":"https:\/\/www.europesays.com\/pt\/wp-json\/wp\/v2\/posts\/108219\/revisions"}],"wp:featuredmedia":[{"embeddable":true,"href":"https:\/\/www.europesays.com\/pt\/wp-json\/wp\/v2\/media\/106113"}],"wp:attachment":[{"href":"https:\/\/www.europesays.com\/pt\/wp-json\/wp\/v2\/media?parent=108219"}],"wp:term":[{"taxonomy":"category","embeddable":true,"href":"https:\/\/www.europesays.com\/pt\/wp-json\/wp\/v2\/categories?post=108219"},{"taxonomy":"post_tag","embeddable":true,"href":"https:\/\/www.europesays.com\/pt\/wp-json\/wp\/v2\/tags?post=108219"}],"curies":[{"name":"wp","href":"https:\/\/api.w.org\/{rel}","templated":true}]}}