{"id":108220,"date":"2025-10-12T22:13:10","date_gmt":"2025-10-12T22:13:10","guid":{"rendered":"https:\/\/www.europesays.com\/pt\/108220\/"},"modified":"2025-10-12T22:13:10","modified_gmt":"2025-10-12T22:13:10","slug":"ryan-reynolds-sobre-luto-acontece-em-momentos-inesperados","status":"publish","type":"post","link":"https:\/\/www.europesays.com\/pt\/108220\/","title":{"rendered":"Ryan Reynolds sobre luto: &#8220;Acontece em momentos inesperados&#8221;"},"content":{"rendered":"<p>Ryan Reynolds abriu o cora\u00e7\u00e3o para falar do luto. Numa sess\u00e3o de perguntas e respostas que aconteceu antes do lan\u00e7amento de &#8216;John Candy: I \u200b\u200bLike Me&#8217;, document\u00e1rio sobre John Candy e que foi produzido por Ryan, o ator, de 48 anos, acabou por recordar a partida do pai.\u00a0<\/p>\n<p>&#8220;Esta coisa do luto \u00e9 estranha. Acho que acontece em momentos inesperados. Quando o meu pai morreu, t\u00ednhamos uma rela\u00e7\u00e3o complicada&#8221;, desabafou Ryan Reynolds no evento que decorreu no passado dia 24 de setembro.\u00a0<\/p>\n<p>&#8220;H\u00e1 um epis\u00f3dio com o Jimmy Fallon em que d\u00e1 para perceber que perco o fio \u00e0 meada. Estou no meio de uma hist\u00f3rias. E l\u00e1 est\u00e1, atinge-me como um comboio de mercadorias&#8221;, recordou, explicando que parou, fez uma pausa por momentos para processar tudo e recuperou com uma piada.\u00a0<\/p>\n<p>&#8220;A maioria das pessoas nunca iria notar, mas o luto \u00e9 uma destas coisas que simplesmente te apanham nos momentos mais estranho&#8221;, concluiu.\u00a0<\/p>\n<p>O pai de Reynolds, James Reynolds, morreu em 2015, aos 74 anos, depois de ter sido diagnosticado com a doen\u00e7a de Parkinson, com a qual viveu durante quase 20 anos. Nos anos seguintes \u00e0 morte do pai, Ryan descobriu que a luta de James Reynolds contra alucina\u00e7\u00f5es e del\u00edrios s\u00e3o dois sintomas menos conhecidos da doen\u00e7a de Parkinson. Desde ent\u00e3o, relata a People, o ator associou-se \u00e0 campanha educativa &#8216;More to Parkinson&#8217;, que oferece recursos a pacientes e cuidadores.<\/p>\n<p>Em conversa com o Mr Porter, em 2018, Ryan Reynolds partilhou que &#8220;o pai era um homem dur\u00e3o&#8221;. &#8220;Ele tamb\u00e9m era um homem bom em muitos aspetos, mas era duro connosco.&#8221;<\/p>\n<p>O ator, que em 2022 disse ao &#8216;CBS Sunday Mornings&#8217; que &#8220;teve ansiedade durante toda a sua vida&#8221;, lembrou durante a conversa com o Mr Porter: &#8220;Crescer na minha casa nunca foi relaxante ou f\u00e1cil e sei que, ao longo da minha vida, lidei com a ansiedade de maneiras diferentes.&#8221;<\/p>\n<p>Apesar dos altos e baixos, o artista mant\u00e9m uma rela\u00e7\u00e3o pr\u00f3xima com a fam\u00edlia, incluindo com a m\u00e3e, Tammy, que esteve a apoiar Ryan na cerim\u00f3nia de pr\u00e9mios do American Cinematheque Award em novembro de 2022.<\/p>\n<p>Ryan Reynolds \u00e9 o mais novo de quatro irm\u00e3os. Os pais t\u00eam ainda em comum os filhos Patrick, Jeff e Terry Reynolds.<\/p>\n<p>Hoje, o ator, recorde-se, \u00e9 pai de quatro crian\u00e7as, James, de 10 anos, Inez, de 8, Betty, de 5, e Olin, de 2, fruto da uni\u00e3o com Blake Lively.<\/p>\n<p>Leia Tamb\u00e9m: <a href=\"https:\/\/www.noticiasaominuto.com\/fama\/2868791\/quando-era-pequenina-nunca-teria-feito-queixinhas-dos-meus-irmaos\" target=\"_blank\" rel=\"noopener noreferrer nofollow\">Quando era pequenina: &#8220;Nunca teria feito queixinhas dos meus irm\u00e3os&#8221;<\/a><\/p>\n","protected":false},"excerpt":{"rendered":"Ryan Reynolds abriu o cora\u00e7\u00e3o para falar do luto. Numa sess\u00e3o de perguntas e respostas que aconteceu antes&hellip;\n","protected":false},"author":2,"featured_media":108221,"comment_status":"","ping_status":"","sticky":false,"template":"","format":"standard","meta":{"footnotes":""},"categories":[145],"tags":[211,210,114,115,32,33],"class_list":{"0":"post-108220","1":"post","2":"type-post","3":"status-publish","4":"format-standard","5":"has-post-thumbnail","7":"category-celebridades","8":"tag-celebridades","9":"tag-celebrities","10":"tag-entertainment","11":"tag-entretenimento","12":"tag-portugal","13":"tag-pt"},"share_on_mastodon":{"url":"","error":""},"_links":{"self":[{"href":"https:\/\/www.europesays.com\/pt\/wp-json\/wp\/v2\/posts\/108220","targetHints":{"allow":["GET"]}}],"collection":[{"href":"https:\/\/www.europesays.com\/pt\/wp-json\/wp\/v2\/posts"}],"about":[{"href":"https:\/\/www.europesays.com\/pt\/wp-json\/wp\/v2\/types\/post"}],"author":[{"embeddable":true,"href":"https:\/\/www.europesays.com\/pt\/wp-json\/wp\/v2\/users\/2"}],"replies":[{"embeddable":true,"href":"https:\/\/www.europesays.com\/pt\/wp-json\/wp\/v2\/comments?post=108220"}],"version-history":[{"count":0,"href":"https:\/\/www.europesays.com\/pt\/wp-json\/wp\/v2\/posts\/108220\/revisions"}],"wp:featuredmedia":[{"embeddable":true,"href":"https:\/\/www.europesays.com\/pt\/wp-json\/wp\/v2\/media\/108221"}],"wp:attachment":[{"href":"https:\/\/www.europesays.com\/pt\/wp-json\/wp\/v2\/media?parent=108220"}],"wp:term":[{"taxonomy":"category","embeddable":true,"href":"https:\/\/www.europesays.com\/pt\/wp-json\/wp\/v2\/categories?post=108220"},{"taxonomy":"post_tag","embeddable":true,"href":"https:\/\/www.europesays.com\/pt\/wp-json\/wp\/v2\/tags?post=108220"}],"curies":[{"name":"wp","href":"https:\/\/api.w.org\/{rel}","templated":true}]}}