{"id":108222,"date":"2025-10-12T22:15:33","date_gmt":"2025-10-12T22:15:33","guid":{"rendered":"https:\/\/www.europesays.com\/pt\/108222\/"},"modified":"2025-10-12T22:15:33","modified_gmt":"2025-10-12T22:15:33","slug":"6-festivais-literarios-imperdiveis-no-rio-de-janeiro-e-dois-acontecem-ja-neste-fim-de-semana","status":"publish","type":"post","link":"https:\/\/www.europesays.com\/pt\/108222\/","title":{"rendered":"6 festivais liter\u00e1rios imperd\u00edveis no Rio de Janeiro \u2014 e dois acontecem j\u00e1 neste fim de semana!"},"content":{"rendered":"<p>\t\t\t\t\t\t\t\t\t\t\t\t\t\t\t\t\t\t\t\t\t\t<img loading=\"lazy\" decoding=\"async\" src=\"https:\/\/www.europesays.com\/pt\/wp-content\/uploads\/2025\/10\/Circle-Photo-Collage-1024x683.jpg\" class=\"img-fluid\" alt=\"6 festivais liter\u00e1rios imperd\u00edveis no Rio de Janeiro \u2014 e dois acontecem j\u00e1 neste fim de semana!\" width=\"1024\" height=\"683\"\/><br \/>\n\t\t\t\t\t\t\t\t\t\t\t\t\t\t\t\t\t\t\t\t\t\tFoto: Reprodu\u00e7\u00e3o Flopei e Unsplash<\/p>\n<p>    Save<\/p>\n<p><strong>Em 2025<\/strong>, o <strong>Rio de Janeiro<\/strong> foi escolhido a <strong>Capital Mundial do Livro<\/strong> e n\u00e3o faltam eventos para <strong>celebrar<\/strong> durante o ano. S\u00f3 <strong>neste fim de semana<\/strong>, ter\u00e3o dois <strong>festivais liter\u00e1rios<\/strong> no Rio, mas outros <strong>ainda vir\u00e3o<\/strong> ao longo dos meses. Confira <strong>nossa sele\u00e7\u00e3o! <\/strong><\/p>\n<p> FLOPEI <\/p>\n<blockquote class=\"instagram-media\" data-instgrm-permalink=\"https:\/\/www.instagram.com\/p\/DCP9utEMWaV\/?utm_source=ig_embed&amp;utm_campaign=loading\" data-instgrm-version=\"14\" style=\" background:#FFF; border:0; border-radius:3px; box-shadow:0 0 1px 0 rgba(0,0,0,0.5),0 1px 10px 0 rgba(0,0,0,0.15); margin: 1px; max-width:540px; min-width:326px; padding:0; width:99.375%; width:-webkit-calc(100% - 2px); width:calc(100% - 2px);\"><\/blockquote>\n<p><strong>Neste fim de semana<\/strong>, vai rolar a segunda edi\u00e7\u00e3o da <strong>Festa Liter\u00e1ria dos Ocupantes da Pra\u00e7a XV e Intermedia\u00e7\u00f5es<\/strong>, mais conhecida como <strong>FLOPEI<\/strong>.<\/p>\n<p>O evento re\u00fane expositores com <strong>diferentes publica\u00e7\u00f5es impressas<\/strong> e ainda se conecta com <strong>diversos espa\u00e7os culturai<\/strong>s da regi\u00e3o, como a <strong>Livraria Folha Seca, Volta ao Mundo, Galeria Abapir\u00e1 e outro<\/strong>s.<\/p>\n<p>Al\u00e9m disso, a <strong>FLOPEI<\/strong> tamb\u00e9m ter\u00e1 <strong>shows<\/strong> e uma programa\u00e7\u00e3o <strong>infantil<\/strong>, para celebrar o <strong>Dia das Crian\u00e7as<\/strong>.<\/p>\n<p>\ud83d\udcc511 e 12\/10 | das 12h \u00e0s 19h<br \/>\ud83d\udcccCCBB (\u00e1rea externa) | Rua Primeiro de Mar\u00e7o, 66 \u2013 Centro<br \/>\ud83d\udcb5Gratuito<\/p>\n<p> FliPortela <\/p>\n<blockquote class=\"instagram-media\" data-instgrm-permalink=\"https:\/\/www.instagram.com\/p\/DO_GhG7kfFl\/?utm_source=ig_embed&amp;utm_campaign=loading\" data-instgrm-version=\"14\" style=\" background:#FFF; border:0; border-radius:3px; box-shadow:0 0 1px 0 rgba(0,0,0,0.5),0 1px 10px 0 rgba(0,0,0,0.15); margin: 1px; max-width:540px; min-width:326px; padding:0; width:99.375%; width:-webkit-calc(100% - 2px); width:calc(100% - 2px);\"><\/blockquote>\n<p>A <strong>Festa Liter\u00e1ria da Portela<\/strong> tamb\u00e9m vai agitar o <strong>fim de semana<\/strong> dos cariocas com uma programa\u00e7\u00e3o <strong>bem especial!<\/strong><\/p>\n<p>Em sua 5\u00aa edi\u00e7\u00e3o, o evento tem como tema <strong>\u201cDos quilombos de Oswaldo Cruz aos terreiros do sul\u201d<\/strong> e tamb\u00e9m faz uma homenagem \u00e0 <strong>Dona Nen\u00e9m<\/strong> (1925-2020), <strong>baluarte<\/strong> da agremia\u00e7\u00e3o e vi\u00fava do compositor <strong>Manac\u00e9<\/strong>a (1921-1995).<\/p>\n<p>Ser\u00e3o dois dias de <strong>FliPortela<\/strong>, com <strong>debates, saraus, lan\u00e7amentos de livros, oficinas, apresenta\u00e7\u00f5es musicais e mais!<\/strong><\/p>\n<p>\ud83d\udcc510 e 11\/10 | sexta, a partir das 12h | s\u00e1bado, a partir das 9h<br \/>\ud83d\udcccQuadra da Portela | Rua Clara Nunes, 81 \u2013 Madureira<br \/>\ud83d\udcb5Gratuito<\/p>\n<p> FLIN 2025 <\/p>\n<blockquote class=\"instagram-media\" data-instgrm-permalink=\"https:\/\/www.instagram.com\/p\/DPluJFSDiQj\/?utm_source=ig_embed&amp;utm_campaign=loading\" data-instgrm-version=\"14\" style=\" background:#FFF; border:0; border-radius:3px; box-shadow:0 0 1px 0 rgba(0,0,0,0.5),0 1px 10px 0 rgba(0,0,0,0.15); margin: 1px; max-width:540px; min-width:326px; padding:0; width:99.375%; width:-webkit-calc(100% - 2px); width:calc(100% - 2px);\"><\/blockquote>\n<p>D<strong>o outro lado da ponte<\/strong> tamb\u00e9m tem <strong>festival liter\u00e1rio<\/strong>, t\u00e1? A <strong>Festa Liter\u00e1ria Internacional de Niter\u00f3i<\/strong> acontece no <strong>pr\u00f3ximo fim de semana<\/strong> para um grande encontro entre l<strong>eitores, escritores e amantes da literatura!<\/strong><\/p>\n<p>\u00c9 um evento <strong>super legal<\/strong>, com <strong>mais de 60 atra\u00e7\u00f5es<\/strong> espalhadas por <strong>cinco<\/strong> <strong>palcos diferentes<\/strong>. Entre elas, <strong>leituras dramatizadas,<\/strong> <strong>encontros com autores e performances art\u00edsticas. <\/strong><\/p>\n<p>\ud83d\udcc516 a 19 de outubro | a partir das 9h<br \/>\ud83d\udcccReserva Cultural de Niter\u00f3i<br \/>\ud83d\udcb5Gratuito<\/p>\n<p> FLIV-RIO <img fetchpriority=\"high\" decoding=\"async\" class=\"size-full wp-image-10748\" src=\"https:\/\/www.europesays.com\/pt\/wp-content\/uploads\/2025\/10\/samba-fliv-2023.jpg\" alt=\"\" width=\"1024\" height=\"682\"  \/>Foto: Reprodu\u00e7\u00e3o | FLIV <\/p>\n<p>O <strong>Festival do Livro do Rio de Janeiro<\/strong> \u00e9 um espa\u00e7o de <strong>lan\u00e7amento, divulga\u00e7\u00e3o e debate<\/strong> sobre a produ\u00e7\u00e3o <strong>liter\u00e1ria, pol\u00edtica e cultural<\/strong>, com destaque para a chamada <strong>\u2018literatura de resist\u00eancia\u2019.<\/strong><\/p>\n<p>O evento acontece <strong>no final de outubro<\/strong>, mas tem <strong>esquenta<\/strong> nesse fim de semana! O professor <strong>Elias Jabbour<\/strong> far\u00e1 uma <strong>aula p\u00fablica<\/strong> no <strong>dia 11 de outubro<\/strong> sobre <strong>\u201cTrump, Brics e a Nova Ordem Global\u201d<\/strong>, na <strong>Pra\u00e7a Afonso Pena<\/strong>, na Tijuca, a partir das 11h.<\/p>\n<p>\ud83d\udcc523, 24 e 25\/10<br \/>\ud83d\udcccRua Morais e Silva, 94 \u2013 Maracan\u00e3<br \/>\ud83d\udcb5Gratuito<\/p>\n<p> FLUP <img loading=\"lazy\" decoding=\"async\" class=\"size-full wp-image-2881\" src=\"https:\/\/www.europesays.com\/pt\/wp-content\/uploads\/2025\/10\/Snapinsta.app_392869064_18388821931008731_3459652384374060500_n_1080-1.jpg\" alt=\"Festa Liter\u00e1ria das Periferias (Flup)\" width=\"2000\" height=\"1333\"  \/>Foto: Reprodu\u00e7\u00e3o | Instagram @fluprj <\/p>\n<p>A <strong>Festa Liter\u00e1ria das Periferias<\/strong> chega com tudo no Rio de Janeiro <strong>em novembro<\/strong>, seguindo na miss\u00e3o de levar <strong>cultura, ideias e experi\u00eancias<\/strong> para as <strong>regi\u00f5es mais perif\u00e9ricas<\/strong> da cidade.<\/p>\n<p>Este ano, a <strong>FLUP<\/strong> far\u00e1 uma celebra\u00e7\u00e3o do <strong>legado revolucion\u00e1rio do Caribe<\/strong> e sua <strong>profunda influ\u00eancia<\/strong> na <strong>di\u00e1spora africana<\/strong>, sobretudo no <strong>Brasil<\/strong>. A autora homenageada do ano? <strong>Concei\u00e7\u00e3o Evaristo<\/strong>, uma das escritoras <strong>mais influentes<\/strong> do pa\u00eds!<\/p>\n<p>\ud83d\udcc5De 19 a 23\/11 e de 27 a 30\/11<br \/>\ud83d\udcccViaduto de Madureira<br \/>\ud83d\udcb5Gratuito<\/p>\n<p> Flipetr\u00f3polis <\/p>\n<blockquote class=\"instagram-media\" data-instgrm-permalink=\"https:\/\/www.instagram.com\/p\/DJ7e0XjytsE\/?utm_source=ig_embed&amp;utm_campaign=loading\" data-instgrm-version=\"14\" style=\" background:#FFF; border:0; border-radius:3px; box-shadow:0 0 1px 0 rgba(0,0,0,0.5),0 1px 10px 0 rgba(0,0,0,0.15); margin: 1px; max-width:540px; min-width:326px; padding:0; width:99.375%; width:-webkit-calc(100% - 2px); width:calc(100% - 2px);\"><\/blockquote>\n<p>Se voc\u00ea der um pulinho na <strong>regi\u00e3o serrana<\/strong> do Rio, pode aproveitar e curtir o <strong>Festival Liter\u00e1rio Internacional de Petr\u00f3polis<\/strong>, que acontece <strong>em novembro. <\/strong><\/p>\n<p>O evento acontece em u<strong>m dos pontos mais ic\u00f4nicos<\/strong> da cidade e vai reunir <strong>mais de 70 autores<\/strong>, com destaque para a <strong>literatura nacional! <\/strong><\/p>\n<p>\ud83d\udcc5De 26 a 30\/11<br \/>\ud83d\udcccPal\u00e1cio de Cristal \u2013 Petr\u00f3polis<br \/>\ud83d\udcb5Gratuito<\/p>\n<p>\t\t\t\t<script async src=\"\/\/www.instagram.com\/embed.js\"><\/script><\/p>\n","protected":false},"excerpt":{"rendered":"Foto: Reprodu\u00e7\u00e3o Flopei e Unsplash Save Em 2025, o Rio de Janeiro foi escolhido a Capital Mundial do&hellip;\n","protected":false},"author":2,"featured_media":108223,"comment_status":"","ping_status":"","sticky":false,"template":"","format":"standard","meta":{"footnotes":""},"categories":[143],"tags":[169,114,115,15107,170,32,33],"class_list":{"0":"post-108222","1":"post","2":"type-post","3":"status-publish","4":"format-standard","5":"has-post-thumbnail","7":"category-livros","8":"tag-books","9":"tag-entertainment","10":"tag-entretenimento","11":"tag-leitura-literatura","12":"tag-livros","13":"tag-portugal","14":"tag-pt"},"share_on_mastodon":{"url":"","error":""},"_links":{"self":[{"href":"https:\/\/www.europesays.com\/pt\/wp-json\/wp\/v2\/posts\/108222","targetHints":{"allow":["GET"]}}],"collection":[{"href":"https:\/\/www.europesays.com\/pt\/wp-json\/wp\/v2\/posts"}],"about":[{"href":"https:\/\/www.europesays.com\/pt\/wp-json\/wp\/v2\/types\/post"}],"author":[{"embeddable":true,"href":"https:\/\/www.europesays.com\/pt\/wp-json\/wp\/v2\/users\/2"}],"replies":[{"embeddable":true,"href":"https:\/\/www.europesays.com\/pt\/wp-json\/wp\/v2\/comments?post=108222"}],"version-history":[{"count":0,"href":"https:\/\/www.europesays.com\/pt\/wp-json\/wp\/v2\/posts\/108222\/revisions"}],"wp:featuredmedia":[{"embeddable":true,"href":"https:\/\/www.europesays.com\/pt\/wp-json\/wp\/v2\/media\/108223"}],"wp:attachment":[{"href":"https:\/\/www.europesays.com\/pt\/wp-json\/wp\/v2\/media?parent=108222"}],"wp:term":[{"taxonomy":"category","embeddable":true,"href":"https:\/\/www.europesays.com\/pt\/wp-json\/wp\/v2\/categories?post=108222"},{"taxonomy":"post_tag","embeddable":true,"href":"https:\/\/www.europesays.com\/pt\/wp-json\/wp\/v2\/tags?post=108222"}],"curies":[{"name":"wp","href":"https:\/\/api.w.org\/{rel}","templated":true}]}}