{"id":108224,"date":"2025-10-12T22:17:12","date_gmt":"2025-10-12T22:17:12","guid":{"rendered":"https:\/\/www.europesays.com\/pt\/108224\/"},"modified":"2025-10-12T22:17:12","modified_gmt":"2025-10-12T22:17:12","slug":"por-que-algumas-musicas-ficam-presas-na-nossa-cabeca-veja-o-que-a-ciencia-fala-sobre-isso-ciencia-e-saude","status":"publish","type":"post","link":"https:\/\/www.europesays.com\/pt\/108224\/","title":{"rendered":"Por que algumas m\u00fasicas ficam presas na nossa cabe\u00e7a? Veja o que a ci\u00eancia fala sobre isso | Ci\u00eancia e Sa\u00fade"},"content":{"rendered":"\n<p class=\" content-text__container \" data-track-category=\"Link no Texto\" data-track-links=\"\"> Em vez disso, a m\u00fasica \u00e9 organizada de forma eficiente em \u201cbolsos\u201d &#8211;ou pequenos peda\u00e7os&#8211; com base na familiaridade e semelhan\u00e7a. Isso quer dizer que o c\u00e9rebro cria um mapa mental de como as partes da m\u00fasica se conectam, por exemplo: &#8220;comece com essa introdu\u00e7\u00e3o, toque o verso duas vezes, v\u00e1 para o refr\u00e3o e repita quatro vezes, depois volte ao verso\u201d. Assim, ela n\u00e3o \u00e9 armazenada em uma linha reta, mas em um conjunto de instru\u00e7\u00f5es. <\/p>\n","protected":false},"excerpt":{"rendered":"Em vez disso, a m\u00fasica \u00e9 organizada de forma eficiente em \u201cbolsos\u201d &#8211;ou pequenos peda\u00e7os&#8211; com base na&hellip;\n","protected":false},"author":2,"featured_media":108225,"comment_status":"","ping_status":"","sticky":false,"template":"","format":"standard","meta":{"footnotes":""},"categories":[141],"tags":[114,115,149,150,32,33],"class_list":{"0":"post-108224","1":"post","2":"type-post","3":"status-publish","4":"format-standard","5":"has-post-thumbnail","7":"category-musica","8":"tag-entertainment","9":"tag-entretenimento","10":"tag-music","11":"tag-musica","12":"tag-portugal","13":"tag-pt"},"share_on_mastodon":{"url":"","error":""},"_links":{"self":[{"href":"https:\/\/www.europesays.com\/pt\/wp-json\/wp\/v2\/posts\/108224","targetHints":{"allow":["GET"]}}],"collection":[{"href":"https:\/\/www.europesays.com\/pt\/wp-json\/wp\/v2\/posts"}],"about":[{"href":"https:\/\/www.europesays.com\/pt\/wp-json\/wp\/v2\/types\/post"}],"author":[{"embeddable":true,"href":"https:\/\/www.europesays.com\/pt\/wp-json\/wp\/v2\/users\/2"}],"replies":[{"embeddable":true,"href":"https:\/\/www.europesays.com\/pt\/wp-json\/wp\/v2\/comments?post=108224"}],"version-history":[{"count":0,"href":"https:\/\/www.europesays.com\/pt\/wp-json\/wp\/v2\/posts\/108224\/revisions"}],"wp:featuredmedia":[{"embeddable":true,"href":"https:\/\/www.europesays.com\/pt\/wp-json\/wp\/v2\/media\/108225"}],"wp:attachment":[{"href":"https:\/\/www.europesays.com\/pt\/wp-json\/wp\/v2\/media?parent=108224"}],"wp:term":[{"taxonomy":"category","embeddable":true,"href":"https:\/\/www.europesays.com\/pt\/wp-json\/wp\/v2\/categories?post=108224"},{"taxonomy":"post_tag","embeddable":true,"href":"https:\/\/www.europesays.com\/pt\/wp-json\/wp\/v2\/tags?post=108224"}],"curies":[{"name":"wp","href":"https:\/\/api.w.org\/{rel}","templated":true}]}}