{"id":108226,"date":"2025-10-12T22:19:12","date_gmt":"2025-10-12T22:19:12","guid":{"rendered":"https:\/\/www.europesays.com\/pt\/108226\/"},"modified":"2025-10-12T22:19:12","modified_gmt":"2025-10-12T22:19:12","slug":"mais-tres-campeoes-do-mundo-portugueses","status":"publish","type":"post","link":"https:\/\/www.europesays.com\/pt\/108226\/","title":{"rendered":"Mais tr\u00eas campe\u00f5es do Mundo portugueses!"},"content":{"rendered":"<p>Lenine Cunha, no triplo salto, Sandro Baessa, nos 1.500 metros, e Igor Oliveira, nos 100 metros,  s\u00e3o os novos campe\u00f5es do Mundo, que subiram ao lugar mais alto do p\u00f3dio, juntando-se assim a Ana Filipe que, na v\u00e9spera, foi a melhor no triplo salto.<\/p>\n<p>Portugal fechou o segundo dia de competi\u00e7\u00e3o na Austr\u00e1lia com cinco medalhas! Tr\u00eas de ouro e duas de prata para a equipa da categoria T20 (atletas de pista), que est\u00e3o em Brisbane, a participar nos mundiais Virtus, competi\u00e7\u00e3o para atletas com defici\u00eancia intelectual.<\/p>\n<p>Lenine Cunha, distinguido internacionalmente em 2022 como atleta mais medalhado do Mundo (228), foi o grande protagonista do dia, ao arrecadar duas medalhas, uma de ouro, outra de prata.<\/p>\n<p>O ouro foi conquistado pelo portugu\u00eas, de 43 anos, no triplo salto, com a marca de 12,97 metros, enquanto a prata surgiu na prova do heptatlo, onde somou 3229 pontos. Lenine ainda esteve nos 100 metros, mas n\u00e3o terminou a prova.<\/p>\n<p>            <img decoding=\"async\" src=\"https:\/\/www.europesays.com\/pt\/wp-content\/uploads\/2025\/10\/0d94a167-35b1-4173-b195-bb49d872b19e.jpeg\" alt=\"\" width=\"620\" class=\"w-full object-cover\"\/><\/p>\n<p>                    Sandro Baessa \u00e9 campe\u00e3o do Mundo dos 1500 m. Foto Lu\u00eds Franco\/CPP<\/p>\n<p>Na final de 1.500 metros, Sandro Baessa terminou em primeiro lugar, com a marca de 3.59,32 minutos, e o Hino Nacional tocou pela segunda vez nas instala\u00e7\u00f5es do Queensland Sport and Athletics Centre (QSAC), instala\u00e7\u00f5es que ser\u00e3o a pista de treino para os Jogos Ol\u00edmpicos e Paral\u00edmpicos de Brisbane 2032. Na mesma prova, Cristiano Pereira foi oitavo classificado (4.18,54).<\/p>\n<p>Igor Oliveira, que era o grande favorito nos 100 metros, confirmou o estatuto, com 10,92 segundos, \u00e0 frente do australiano Sammy Muamba (10,94) e do japon\u00eas Kuma Watanabe (10,95).<\/p>\n<p>A segunda prata do dia para Portugal, al\u00e9m da de Lenine Cunha, foi conquistada por Carina Paim, que correu os 400 metros em 58,86 segundos, atr\u00e1s da indiana Deepthi Jeevanji (55,92).<\/p>\n<p><a target=\"_blank\" class=\"editor-link\" href=\"https:\/\/profile.google.com\/cp\/CgkvbS8wNWNjOHQ?pf=0\" rel=\"nofollow noopener\">Siga o perfil de A BOLA no Google<\/a><\/p>\n","protected":false},"excerpt":{"rendered":"Lenine Cunha, no triplo salto, Sandro Baessa, nos 1.500 metros, e Igor Oliveira, nos 100 metros, s\u00e3o os&hellip;\n","protected":false},"author":2,"featured_media":108227,"comment_status":"","ping_status":"","sticky":false,"template":"","format":"standard","meta":{"footnotes":""},"categories":[87],"tags":[135,32,33,134],"class_list":{"0":"post-108226","1":"post","2":"type-post","3":"status-publish","4":"format-standard","5":"has-post-thumbnail","7":"category-desporto","8":"tag-desporto","9":"tag-portugal","10":"tag-pt","11":"tag-sports"},"share_on_mastodon":{"url":"","error":""},"_links":{"self":[{"href":"https:\/\/www.europesays.com\/pt\/wp-json\/wp\/v2\/posts\/108226","targetHints":{"allow":["GET"]}}],"collection":[{"href":"https:\/\/www.europesays.com\/pt\/wp-json\/wp\/v2\/posts"}],"about":[{"href":"https:\/\/www.europesays.com\/pt\/wp-json\/wp\/v2\/types\/post"}],"author":[{"embeddable":true,"href":"https:\/\/www.europesays.com\/pt\/wp-json\/wp\/v2\/users\/2"}],"replies":[{"embeddable":true,"href":"https:\/\/www.europesays.com\/pt\/wp-json\/wp\/v2\/comments?post=108226"}],"version-history":[{"count":0,"href":"https:\/\/www.europesays.com\/pt\/wp-json\/wp\/v2\/posts\/108226\/revisions"}],"wp:featuredmedia":[{"embeddable":true,"href":"https:\/\/www.europesays.com\/pt\/wp-json\/wp\/v2\/media\/108227"}],"wp:attachment":[{"href":"https:\/\/www.europesays.com\/pt\/wp-json\/wp\/v2\/media?parent=108226"}],"wp:term":[{"taxonomy":"category","embeddable":true,"href":"https:\/\/www.europesays.com\/pt\/wp-json\/wp\/v2\/categories?post=108226"},{"taxonomy":"post_tag","embeddable":true,"href":"https:\/\/www.europesays.com\/pt\/wp-json\/wp\/v2\/tags?post=108226"}],"curies":[{"name":"wp","href":"https:\/\/api.w.org\/{rel}","templated":true}]}}