{"id":108234,"date":"2025-10-12T22:26:22","date_gmt":"2025-10-12T22:26:22","guid":{"rendered":"https:\/\/www.europesays.com\/pt\/108234\/"},"modified":"2025-10-12T22:26:22","modified_gmt":"2025-10-12T22:26:22","slug":"projeccao-a-boca-das-urnas-da-ligeira-vantagem-ao-psd-em-lisboa-e-porto","status":"publish","type":"post","link":"https:\/\/www.europesays.com\/pt\/108234\/","title":{"rendered":"Projec\u00e7\u00e3o \u00e0 boca das urnas d\u00e1 ligeira vantagem ao PSD em Lisboa e Porto"},"content":{"rendered":"<p class=\"category\"><a href=\"https:\/\/sicnoticias.pt\/especiais\/autarquicas\" rel=\"nofollow noopener\" target=\"_blank\">Elei\u00e7\u00f5es Aut\u00e1rquicas<\/a><\/p>\n<p class=\"status breakingnews\">\u00daltima hora<\/p>\n<p class=\"g-article-lead lead\" data-field=\"lead\">A sondagem do ICS\/ISCTE\/GfK\/Pitag\u00f3rica \u00e0 boca das urnas d\u00e1 uma ligeira vantagem ao PSD em Lisboa e Porto, mas ainda com possibilidade de vit\u00f3ria do PS. Moedas e Pedro Duarte aparecem \u00e0 frente, mas o intervalo m\u00ednimo das suas vota\u00e7\u00f5es fica abaixo do valor m\u00e1ximo do intervalo para Alexandra Leit\u00e3o e Manuel Pizarro.<\/p>\n<p><img decoding=\"async\" src=\"https:\/\/www.europesays.com\/pt\/wp-content\/uploads\/2025\/10\/1760307982_37_original.webp\" alt=\"Projec\u00e7\u00e3o \u00e0 boca das urnas d\u00e1 ligeira vantagem ao PSD em Lisboa e Porto\"\/><\/p>\n<p>MANUEL FERNANDO ARA\u00c3\u009aJO<\/p>\n<p><strong>No concelho de Sintra, tamb\u00e9m no distrito de Lisboa, o PSD vence e o Chega n\u00e3o ir\u00e1 al\u00e9m da terceira posi\u00e7\u00e3o. Em Gaia, o PSD reconquista a lideran\u00e7a da autarquia ao PS e, em Set\u00fabal, a agora independente, Maria das Dores Meira (antiga autarca da CDU), est\u00e1 de regresso. Mais a Sul, em Faro, o PS alcan\u00e7a a vit\u00f3ria destronando PSD e Chega.<\/strong><\/p>\n<p>  <strong>LISBOA<\/strong>  <\/p>\n<ul>\n<li><strong>PPD\/PSD.CDS-PP.IL \u21e2 36,8 &#8211; 42,0 Carlos Moedas<\/strong><\/li>\n<li><strong>PS-L-BE-PAN \u21e2 33,7 &#8211; 38,9 <\/strong>Alexandra Leit\u00e3o<\/li>\n<li><strong>CHEGA \u21e2 7,7 &#8211; 11,1 <\/strong>Bruno Mascarenhas<\/li>\n<li><strong>PCP-PEV \u21e2 9,0-12,4 &#8211;<\/strong>Jo\u00e3o Ferreira<\/li>\n<\/ul>\n<p>    <strong>PORTO<\/strong>  <\/p>\n<ul>\n<li><strong>PPD\/PSD.CDS-PP.IL \u21e2 34,2 &#8211; 39,4 Pedro Duarte<\/strong><\/li>\n<li><strong>PS \u21e2 32,0 &#8211; 37,2 <\/strong>Manuel Pizarro<\/li>\n<li><strong>CHEGA \u21e2 6,8 &#8211; 10,2 <\/strong>Miguel C\u00f4rte-Real<\/li>\n<li><strong>PCP-PEV \u21e2 2,7 &#8211; 5,5 <\/strong>Diana Ferreira<\/li>\n<li><strong>LIVRE \u21e2 2,4 &#8211; 5,0 <\/strong>Helder Sousa<\/li>\n<li><strong>Bloco de Esquerda \u21e2 1,1 &#8211; 3,1 <\/strong>S\u00e9rgio Aires<\/li>\n<li><strong>FA \u21e2 3,8 &#8211; 6,8 <\/strong>Filipe Ara\u00fajo<\/li>\n<li><strong>NC\/PPM \u21e2 1,4 &#8211; 3,4 <\/strong>Nuno Cardoso<\/li>\n<\/ul>\n<p>    <strong>SINTRA<\/strong>  <\/p>\n<ul>\n<li><strong>PPD\/PSD.IL.PAN \u21e2 32,1 &#8211; 37,3 Marco Almeida<\/strong><\/li>\n<li><strong>PS.L \u21e2 30,4 &#8211; 35,4 <\/strong>Ana Mendes Godinho<\/li>\n<li><strong>CHEGA \u21e2 19,4 &#8211; 23,6 <\/strong>Rita Matias<\/li>\n<li><strong>PCP-PEV \u21e2 3,6 &#8211; 6,6 <\/strong>Pedro Ventura<\/li>\n<li><strong>Bloco de Esquerda \u21e2 1,0 &#8211; 3,0 <\/strong>T\u00e2nia Russo<\/li>\n<li><strong>CDS-PP\/PPM\/ADN \u21e2 1,1 &#8211; 3,1 <\/strong>Maur\u00edcio Rodrigues<\/li>\n<\/ul>\n<p>    <strong>VILA NOVA DE GAIA<\/strong>  <\/p>\n<ul>\n<li><strong>PPD\/PSD.CDS-PP.IL \u21e2 40,6 &#8211; 46,0 Lu\u00eds Filipe Menezes<\/strong><\/li>\n<li><strong>PS \u21e2 30,6 &#8211; 35,6 <\/strong>Jo\u00e3o Paulo Correia<\/li>\n<li><strong>BE+L \u21e2 2,3 &#8211; 5,1 <\/strong>Jo\u00e3o Martins<\/li>\n<li><strong>PCP-PEV \u21e2 2,5 &#8211; 5,3 <\/strong>Andr\u00e9 Ara\u00fajo<\/li>\n<li><strong>CHEGA \u21e2 9,5 &#8211; 12,9 <\/strong>Ant\u00f3nio Barbosa<\/li>\n<\/ul>\n<p>    <strong>SET\u00daBAL<\/strong>  <\/p>\n<ul>\n<li><strong>LIVRE \u21e2 1,9 &#8211; 4,5 <\/strong>Andr\u00e9 Dias<\/li>\n<li><strong>Bloco de Esquerda \u21e2 0,3 &#8211; 2,3 <\/strong>Daniela Rodrigues<\/li>\n<li><strong>CHEGA \u21e2 16,2 &#8211; 20,2 <\/strong>Ant\u00f3nio Cacha\u00e7o<\/li>\n<li><strong>IL \u21e2 3,2 &#8211; 6,2 <\/strong>Fl\u00e1vio Lan\u00e7a<\/li>\n<li><strong>PCP-PEV \u21e2 9,2 &#8211; 12,6 <\/strong>Andr\u00e9 Martins<\/li>\n<li><strong>PAN \u21e2 0,3 &#8211; 1,3 <\/strong>Mariana Crespo<\/li>\n<li><strong>PS \u21e2 25,8 &#8211; 30,6 <\/strong>Fernando Jos\u00e9<\/li>\n<li><strong>SET-V 25 \u21e2 27,4 &#8211; 32,2 Maria das Dores Meira<\/strong><\/li>\n<\/ul>\n<p>    <strong>FARO<\/strong>  <\/p>\n<ul>\n<li><strong>Bloco de Esquerda \u21e2 1,0 &#8211; 3,0 <\/strong>Jos\u00e9 Moreira<\/li>\n<li><strong>CHEGA \u21e2 14,0 &#8211; 17,8 <\/strong>Pedro Pinto<\/li>\n<li><strong>LIVRE \u21e2 0,9 &#8211; 2,9 <\/strong>Adriana Marques Silva<\/li>\n<li><strong>PS \u21e2 36,0 &#8211; 41,2 Ant\u00f3nio Pina<\/strong><\/li>\n<li><strong>PCP-PEV \u21e2 2,4 &#8211; 5,4 <\/strong>Duarte Baltazar<\/li>\n<li><strong>PPD\/PSD.IL.CDS-PP.PAN.MPT \u21e2 30,9 &#8211; 35,9 <\/strong>Crist\u00f3v\u00e3o Norte<\/li>\n<\/ul>\n<p>  Ficha T\u00e9cnica  <\/p>\n<p>Sondagem ICS\/ISCTE\/GfK Metris\/ Pitag\u00f3rica para a SIC, realizada no dia 12 de outubro de 2025, com o objetivo de identificar o resultado da vota\u00e7\u00e3o para as elei\u00e7\u00f5es para a C\u00e2mara Municipal em 2025.<\/p>\n<p>Universo constitu\u00eddo por eleitores que participaram no ato eleitoral em Portugal Continental. Com recolha atrav\u00e9s de simula\u00e7\u00e3o de voto em urna, a amostra \u00e9 constitu\u00edda por 36997 entrevistas, recolhidas em 35 freguesias.<\/p>\n<p>A margem de erro m\u00e1xima para um intervalo de confian\u00e7a de 95%, com uma amostra aleat\u00f3ria, \u00e9 de +\/- 0.51%.<\/p>\n","protected":false},"excerpt":{"rendered":"Elei\u00e7\u00f5es Aut\u00e1rquicas \u00daltima hora A sondagem do ICS\/ISCTE\/GfK\/Pitag\u00f3rica \u00e0 boca das urnas d\u00e1 uma ligeira vantagem ao PSD&hellip;\n","protected":false},"author":2,"featured_media":108235,"comment_status":"","ping_status":"","sticky":false,"template":"","format":"standard","meta":{"footnotes":""},"categories":[8],"tags":[27,28,15,16,14,25,26,21,22,12,13,19,20,32,23,24,33,17,18,29,30,31],"class_list":{"0":"post-108234","1":"post","2":"type-post","3":"status-publish","4":"format-standard","5":"has-post-thumbnail","7":"category-principais-noticias","8":"tag-breaking-news","9":"tag-breakingnews","10":"tag-featured-news","11":"tag-featurednews","12":"tag-headlines","13":"tag-latest-news","14":"tag-latestnews","15":"tag-main-news","16":"tag-mainnews","17":"tag-news","18":"tag-noticias","19":"tag-noticias-principais","20":"tag-noticiasprincipais","21":"tag-portugal","22":"tag-principais-noticias","23":"tag-principaisnoticias","24":"tag-pt","25":"tag-top-stories","26":"tag-topstories","27":"tag-ultimas","28":"tag-ultimas-noticias","29":"tag-ultimasnoticias"},"share_on_mastodon":{"url":"","error":""},"_links":{"self":[{"href":"https:\/\/www.europesays.com\/pt\/wp-json\/wp\/v2\/posts\/108234","targetHints":{"allow":["GET"]}}],"collection":[{"href":"https:\/\/www.europesays.com\/pt\/wp-json\/wp\/v2\/posts"}],"about":[{"href":"https:\/\/www.europesays.com\/pt\/wp-json\/wp\/v2\/types\/post"}],"author":[{"embeddable":true,"href":"https:\/\/www.europesays.com\/pt\/wp-json\/wp\/v2\/users\/2"}],"replies":[{"embeddable":true,"href":"https:\/\/www.europesays.com\/pt\/wp-json\/wp\/v2\/comments?post=108234"}],"version-history":[{"count":0,"href":"https:\/\/www.europesays.com\/pt\/wp-json\/wp\/v2\/posts\/108234\/revisions"}],"wp:featuredmedia":[{"embeddable":true,"href":"https:\/\/www.europesays.com\/pt\/wp-json\/wp\/v2\/media\/108235"}],"wp:attachment":[{"href":"https:\/\/www.europesays.com\/pt\/wp-json\/wp\/v2\/media?parent=108234"}],"wp:term":[{"taxonomy":"category","embeddable":true,"href":"https:\/\/www.europesays.com\/pt\/wp-json\/wp\/v2\/categories?post=108234"},{"taxonomy":"post_tag","embeddable":true,"href":"https:\/\/www.europesays.com\/pt\/wp-json\/wp\/v2\/tags?post=108234"}],"curies":[{"name":"wp","href":"https:\/\/api.w.org\/{rel}","templated":true}]}}