{"id":108242,"date":"2025-10-12T22:33:20","date_gmt":"2025-10-12T22:33:20","guid":{"rendered":"https:\/\/www.europesays.com\/pt\/108242\/"},"modified":"2025-10-12T22:33:20","modified_gmt":"2025-10-12T22:33:20","slug":"benfica-nycole-raysla-sofre-traumatismo-cranioencefalico-diante-do-valadares","status":"publish","type":"post","link":"https:\/\/www.europesays.com\/pt\/108242\/","title":{"rendered":"Benfica: Nycole Raysla sofre traumatismo cranioencef\u00e1lico diante do Valadares"},"content":{"rendered":"<p>O Benfica confirmou que a jogadora Nycole Raysla sofreu um traumatismo cranioencef\u00e1lico, na vit\u00f3ria das \u00e1guias sobre o Valadares, por 4-1.<\/p>\n<p>O incidente ocorreu aos 12 minutos de jogo, quando a avan\u00e7ada brasileira perdeu momentaneamente os sentidos ap\u00f3s um choque violento com a guarda-redes advers\u00e1ria, Erin Seppi.<\/p>\n<p>Nycole foi imediatamente assistida pelas colegas, tendo recebido cuidados da equipa m\u00e9dica do Benfica, bem como dos bombeiros presentes no Est\u00e1dio Municipal Jorge Sampaio, numa interven\u00e7\u00e3o que durou cerca de sete minutos.<\/p>\n<p>Posteriormente, a avan\u00e7ada brasileira de 25 anos foi transportada para o Hospital da Luz Arr\u00e1bida, em Vila Nova de Gaia, onde realizou exames complementares.<\/p>\n<p>De acordo com o boletim cl\u00ednico dos encarnados, Nycole encontra-se \u00abest\u00e1vel e sob observa\u00e7\u00e3o m\u00e9dica\u00bb, ficando assim fora da rece\u00e7\u00e3o ao Arsenal, a contar para a segunda jornada da Liga dos Campe\u00f5es feminina marcada para quinta-feira.<\/p>\n","protected":false},"excerpt":{"rendered":"O Benfica confirmou que a jogadora Nycole Raysla sofreu um traumatismo cranioencef\u00e1lico, na vit\u00f3ria das \u00e1guias sobre o&hellip;\n","protected":false},"author":2,"featured_media":108243,"comment_status":"","ping_status":"","sticky":false,"template":"","format":"standard","meta":{"footnotes":""},"categories":[87],"tags":[51,17142,135,2388,2613,46,25841,32,33,47,134],"class_list":{"0":"post-108242","1":"post","2":"type-post","3":"status-publish","4":"format-standard","5":"has-post-thumbnail","7":"category-desporto","8":"tag-benfica","9":"tag-benfica-feminino","10":"tag-desporto","11":"tag-futebol-feminino","12":"tag-lesao","13":"tag-maisfutebol","14":"tag-nycole-raysla","15":"tag-portugal","16":"tag-pt","17":"tag-pura-paixao","18":"tag-sports"},"share_on_mastodon":{"url":"","error":""},"_links":{"self":[{"href":"https:\/\/www.europesays.com\/pt\/wp-json\/wp\/v2\/posts\/108242","targetHints":{"allow":["GET"]}}],"collection":[{"href":"https:\/\/www.europesays.com\/pt\/wp-json\/wp\/v2\/posts"}],"about":[{"href":"https:\/\/www.europesays.com\/pt\/wp-json\/wp\/v2\/types\/post"}],"author":[{"embeddable":true,"href":"https:\/\/www.europesays.com\/pt\/wp-json\/wp\/v2\/users\/2"}],"replies":[{"embeddable":true,"href":"https:\/\/www.europesays.com\/pt\/wp-json\/wp\/v2\/comments?post=108242"}],"version-history":[{"count":0,"href":"https:\/\/www.europesays.com\/pt\/wp-json\/wp\/v2\/posts\/108242\/revisions"}],"wp:featuredmedia":[{"embeddable":true,"href":"https:\/\/www.europesays.com\/pt\/wp-json\/wp\/v2\/media\/108243"}],"wp:attachment":[{"href":"https:\/\/www.europesays.com\/pt\/wp-json\/wp\/v2\/media?parent=108242"}],"wp:term":[{"taxonomy":"category","embeddable":true,"href":"https:\/\/www.europesays.com\/pt\/wp-json\/wp\/v2\/categories?post=108242"},{"taxonomy":"post_tag","embeddable":true,"href":"https:\/\/www.europesays.com\/pt\/wp-json\/wp\/v2\/tags?post=108242"}],"curies":[{"name":"wp","href":"https:\/\/api.w.org\/{rel}","templated":true}]}}