{"id":108269,"date":"2025-10-12T22:55:12","date_gmt":"2025-10-12T22:55:12","guid":{"rendered":"https:\/\/www.europesays.com\/pt\/108269\/"},"modified":"2025-10-12T22:55:12","modified_gmt":"2025-10-12T22:55:12","slug":"ja-ha-13-presidentes-de-camara-eleitos-oito-do-psd-e-cinco-do-ps","status":"publish","type":"post","link":"https:\/\/www.europesays.com\/pt\/108269\/","title":{"rendered":"J\u00e1 h\u00e1 13 presidentes de C\u00e2mara eleitos: oito do PSD e cinco do PS"},"content":{"rendered":"<p>No distrito de Viana do Castelo, o atual vice-presidente da C\u00e2mara de Paredes de Coura foi eleito, este domingo, para a presid\u00eancia. Tiago Manuel Pereira da Cunha consegue uma maioria absoluta com 61,39% dos votos, conquistando quatro dos cinco lugares da verea\u00e7\u00e3o. O PSD, a segunda for\u00e7a mais votada com 25,74%, ter\u00e1 um eleito no Executivo.<\/p>\n<p data-remotead-prev-elm=\"true\" data-remotead-elm-id=\"inread\">Em Alcoutim, o socialista Paulo Jorge Paulino \u00e9 reeleito com tr\u00eas dos cinco mandatos da C\u00e2mara e fecha a vota\u00e7\u00e3o com 56,45% dos votos. No distrito de Faro, em Monchique, Paulo Jorge Duarte Alves tamb\u00e9m vai continuar com presidente. Os socialistas seguram, igualmente, a C\u00e2mara de Castanheira de Pera com a reelei\u00e7\u00e3o de Ant\u00f3nio Henriques com 67,22% dos votos e arrebatando quatro dos cinco mandatos no Executivo.<\/p>\n<p>No distrito de Portalegre, o atual vice-presidente Ant\u00f3nio Manuel Gomes Severino sucede ao socialista Jos\u00e9 Pio, com uma vit\u00f3ria expressiva de 64,71% dos votos, o que d\u00e1 ao Partido Socialista quatro dos cinco mandatos no Executivo.<\/p>\n<p data-remotead-prev-elm=\"true\" data-remotead-elm-id=\"centro1\">J\u00e1 os sociais-democratas seguram a lideran\u00e7a em Terras de Bouro, no distrito de Braga, com Manuel Tibo. Em Boticas, Ant\u00f3nio Guilherme Forte Leres Pires, que sucedeu a Fernando Queiroga ap\u00f3s a sa\u00edda para a Assembleia da Rep\u00fablica, foi eleito para o primeiro mandato. Em Sardoal, os sociais-democrata mant\u00e9m a C\u00e2mara pintada de laranja com a elei\u00e7\u00e3o de Pedro Manuel dos Santos Rosa, que se estrear\u00e1 na lideran\u00e7a da autarquia.<\/p>\n<p>Em Coimbra, Jorge Alves Cust\u00f3dio volta a merecer a confian\u00e7a dos eleitores da Pampilhosa da Serra e entra no terceiro mandato. Tamb\u00e9m Rui Sampaio, do PSD, \u00e9 reeleito para a presid\u00eancia do Munic\u00edpio de G\u00f3is. Outros sociais-democratas j\u00e1 eleitos s\u00e3o Miguel Marques, em Oleiros, e Paulo C\u00e9sar Laranjeira Lu\u00eds, em Vila de Rei.<\/p>\n","protected":false},"excerpt":{"rendered":"No distrito de Viana do Castelo, o atual vice-presidente da C\u00e2mara de Paredes de Coura foi eleito, este&hellip;\n","protected":false},"author":2,"featured_media":108270,"comment_status":"","ping_status":"","sticky":false,"template":"","format":"standard","meta":{"footnotes":""},"categories":[8],"tags":[27,28,17593,15,16,14,25,26,21,22,619,12,13,19,20,32,23,24,33,17,18,29,30,31],"class_list":{"0":"post-108269","1":"post","2":"type-post","3":"status-publish","4":"format-standard","5":"has-post-thumbnail","7":"category-principais-noticias","8":"tag-breaking-news","9":"tag-breakingnews","10":"tag-eleicoes-autarquicas","11":"tag-featured-news","12":"tag-featurednews","13":"tag-headlines","14":"tag-latest-news","15":"tag-latestnews","16":"tag-main-news","17":"tag-mainnews","18":"tag-nacional","19":"tag-news","20":"tag-noticias","21":"tag-noticias-principais","22":"tag-noticiasprincipais","23":"tag-portugal","24":"tag-principais-noticias","25":"tag-principaisnoticias","26":"tag-pt","27":"tag-top-stories","28":"tag-topstories","29":"tag-ultimas","30":"tag-ultimas-noticias","31":"tag-ultimasnoticias"},"share_on_mastodon":{"url":"","error":""},"_links":{"self":[{"href":"https:\/\/www.europesays.com\/pt\/wp-json\/wp\/v2\/posts\/108269","targetHints":{"allow":["GET"]}}],"collection":[{"href":"https:\/\/www.europesays.com\/pt\/wp-json\/wp\/v2\/posts"}],"about":[{"href":"https:\/\/www.europesays.com\/pt\/wp-json\/wp\/v2\/types\/post"}],"author":[{"embeddable":true,"href":"https:\/\/www.europesays.com\/pt\/wp-json\/wp\/v2\/users\/2"}],"replies":[{"embeddable":true,"href":"https:\/\/www.europesays.com\/pt\/wp-json\/wp\/v2\/comments?post=108269"}],"version-history":[{"count":0,"href":"https:\/\/www.europesays.com\/pt\/wp-json\/wp\/v2\/posts\/108269\/revisions"}],"wp:featuredmedia":[{"embeddable":true,"href":"https:\/\/www.europesays.com\/pt\/wp-json\/wp\/v2\/media\/108270"}],"wp:attachment":[{"href":"https:\/\/www.europesays.com\/pt\/wp-json\/wp\/v2\/media?parent=108269"}],"wp:term":[{"taxonomy":"category","embeddable":true,"href":"https:\/\/www.europesays.com\/pt\/wp-json\/wp\/v2\/categories?post=108269"},{"taxonomy":"post_tag","embeddable":true,"href":"https:\/\/www.europesays.com\/pt\/wp-json\/wp\/v2\/tags?post=108269"}],"curies":[{"name":"wp","href":"https:\/\/api.w.org\/{rel}","templated":true}]}}