{"id":108283,"date":"2025-10-12T23:08:12","date_gmt":"2025-10-12T23:08:12","guid":{"rendered":"https:\/\/www.europesays.com\/pt\/108283\/"},"modified":"2025-10-12T23:08:12","modified_gmt":"2025-10-12T23:08:12","slug":"autarquicas-2025-oliveira-de-azemeis","status":"publish","type":"post","link":"https:\/\/www.europesays.com\/pt\/108283\/","title":{"rendered":"Aut\u00e1rquicas 2025 &#8211; Oliveira de Azem\u00e9is"},"content":{"rendered":"<p>O Partido Socialista (PS) venceu a larga maioria das Assembleias de Freguesia do concelho de Oliveira de Azem\u00e9is nas elei\u00e7\u00f5es aut\u00e1rquicas de 2025, segundo os resultados oficiais j\u00e1 divulgados pelo Minist\u00e9rio da Administra\u00e7\u00e3o Interna.<\/p>\n<p>Dez freguesias apuradas revelam uma tend\u00eancia clara de consolida\u00e7\u00e3o da influ\u00eancia socialista, com exce\u00e7\u00e3o de Loureiro, onde a coliga\u00e7\u00e3o PSD\/CDS garantiu uma vit\u00f3ria robusta, e Cucuj\u00e3es.<\/p>\n<p>\u00a0<\/p>\n<p><strong>S\u00e3o Roque<\/strong><\/p>\n<p>O PS venceu a Assembleia de Freguesia de S\u00e3o Roque por margem reduzida, mantendo a lideran\u00e7a sobre o PSD.<\/p>\n<p>PS: 52,7\u00a0% \u2014 5\u00a0mandatos<\/p>\n<p>AD: 41,4\u00a0% \u2014 4 mandatos<\/p>\n<p>\u00a0<\/p>\n<p><strong>Macieira de Sarnes<\/strong><\/p>\n<p>Vit\u00f3ria confort\u00e1vel do PS, com maioria absoluta, deixando o PSD\/CDS e o Chega a larga dist\u00e2ncia.<\/p>\n<p>PS: 68,15\u00a0% \u2014 7\u00a0mandatos<\/p>\n<p>AD &#8211; PSD\/CDS: 25,3\u00a0% \u2014 2\u00a0mandatos<\/p>\n<p>CDU: 4%\u00a0<\/p>\n<p>\u00a0<\/p>\n<p><strong>Faj\u00f5es<\/strong><\/p>\n<p>O PS conquistou uma das vit\u00f3rias mais expressivas do concelho, superando os dois ter\u00e7os dos votos.<\/p>\n<p>PS: 66,4 % \u2014 6 mandatos<\/p>\n<p>AD PSD\/CDS: 28,47\u00a0% \u2014 3 mandatos<\/p>\n<p>CDU &#8211; 1,60%<\/p>\n<p><strong>Uni\u00e3o das Freguesias de Pinheiro da Bemposta, Travanca e Palmaz<\/strong><\/p>\n<p>A Uni\u00e3o de Freguesias manteve a tend\u00eancia socialista, com o PS a garantir maioria folgada e o PSD\/CDS a assegurar representa\u00e7\u00e3o.<\/p>\n<p>PS: 51,7\u00a0% \u2014 7\u00a0mandatos<\/p>\n<p>AD &#8211; PSD\/CDS: 35,08\u00a0% \u2014 5\u00a0mandatos<\/p>\n<p>CHEGA &#8211; 8,79% &#8211; 1 mandato<\/p>\n<p>CDU &#8211; 1,59%\u00a0<\/p>\n<p>\u00a0<\/p>\n<p><strong>Loureiro<\/strong><\/p>\n<p>\u00danica freguesia onde o PSD\/CDS inverteu o ciclo socialista e venceu com ampla maioria, garantindo a presid\u00eancia da junta.<\/p>\n<p>PSD\/CDS: 67,0 % \u2014 6\u00a0mandatos<\/p>\n<p>PS: 29,14 % \u2014 3\u00a0mandatos<\/p>\n<p>\u00a0<\/p>\n<p><strong>Cesar<\/strong><\/p>\n<p>IC consolidou o seu dom\u00ednio, alcan\u00e7ando mais de 70 por cento dos votos e uma maioria esmagadora de mandatos.<\/p>\n<p>IC: 70,28\u00a0% \u2014 7 mandatos<\/p>\n<p>CDU : 20,93 % \u2014 2 mandatos<\/p>\n<p>\u00a0<\/p>\n<p><strong>Vila de Cucuj\u00e3es<\/strong><\/p>\n<p>Disputa equilibrada, mas o PS manteve a dianteira, conquistando a Junta com maioria relativa.<\/p>\n<p>AD: 46,39 % \u2014 6\u00a0mandatos<\/p>\n<p>PS: 40,83 % \u2014 6\u00a0mandatos<\/p>\n<p>CHEGA: 7,34% &#8211; 1 mandato<\/p>\n<p>CDU: 2,32%<\/p>\n<p>\u00a0<\/p>\n<p><strong>Carregosa<\/strong><\/p>\n<p>O PS voltou a vencer, embora por margem curta sobre o PSD\/CDS. A lista independente \u201cRenovar Carregosa\u201d assegurou um mandato.<\/p>\n<p>PS: 44,95 % \u2014 5 mandatos<\/p>\n<p>AD &#8211; PSD\/CDS: 41,08\u00a0% \u2014 4\u00a0mandatos<\/p>\n<p>Renovar carregosa: 7,74 %\u00a0<\/p>\n<p>CDU: 2,27%<\/p>\n<p>\u00a0<\/p>\n<p><strong>S\u00e3o Martinho da G\u00e2ndara<\/strong><\/p>\n<p>O PS registou aqui uma das vit\u00f3rias mais expressivas do concelho, com mais de dois ter\u00e7os dos votos.<\/p>\n<p>PS: 68,32 % \u2014 7 mandatos<\/p>\n<p>AD PSD\/CDS: 28,62 % \u2014 2 mandatos<\/p>\n<p>CDU: 0,00 %<\/p>\n<p>\u00a0<\/p>\n<p>\u00a0<\/p>\n<p><strong>Pindelo<\/strong><\/p>\n<p>Disputa muito equilibrada, mas o PS manteve a vantagem e assegurou maioria simples.<\/p>\n<p>PS: 51,96 % \u2014 5 mandatos<\/p>\n<p>AD PSD\/CDS: 44,71 % \u2014 4 mandatos<\/p>\n","protected":false},"excerpt":{"rendered":"O Partido Socialista (PS) venceu a larga maioria das Assembleias de Freguesia do concelho de Oliveira de Azem\u00e9is&hellip;\n","protected":false},"author":2,"featured_media":108284,"comment_status":"","ping_status":"","sticky":false,"template":"","format":"standard","meta":{"footnotes":""},"categories":[10],"tags":[25844,25845,27,28,15,16,14,25843,25842,25,26,21,22,12,13,25847,19,20,32,23,24,33,17,18,29,30,31,25846],"class_list":{"0":"post-108283","1":"post","2":"type-post","3":"status-publish","4":"format-standard","5":"has-post-thumbnail","7":"category-portugal","8":"tag-azemeis-na-net","9":"tag-azemeis-online","10":"tag-breaking-news","11":"tag-breakingnews","12":"tag-featured-news","13":"tag-featurednews","14":"tag-headlines","15":"tag-informacao-azemeis","16":"tag-jornal-azemeis","17":"tag-latest-news","18":"tag-latestnews","19":"tag-main-news","20":"tag-mainnews","21":"tag-news","22":"tag-noticias","23":"tag-noticias-azemeis","24":"tag-noticias-principais","25":"tag-noticiasprincipais","26":"tag-portugal","27":"tag-principais-noticias","28":"tag-principaisnoticias","29":"tag-pt","30":"tag-top-stories","31":"tag-topstories","32":"tag-ultimas","33":"tag-ultimas-noticias","34":"tag-ultimasnoticias","35":"tag-voz-de-azemeis"},"share_on_mastodon":{"url":"","error":""},"_links":{"self":[{"href":"https:\/\/www.europesays.com\/pt\/wp-json\/wp\/v2\/posts\/108283","targetHints":{"allow":["GET"]}}],"collection":[{"href":"https:\/\/www.europesays.com\/pt\/wp-json\/wp\/v2\/posts"}],"about":[{"href":"https:\/\/www.europesays.com\/pt\/wp-json\/wp\/v2\/types\/post"}],"author":[{"embeddable":true,"href":"https:\/\/www.europesays.com\/pt\/wp-json\/wp\/v2\/users\/2"}],"replies":[{"embeddable":true,"href":"https:\/\/www.europesays.com\/pt\/wp-json\/wp\/v2\/comments?post=108283"}],"version-history":[{"count":0,"href":"https:\/\/www.europesays.com\/pt\/wp-json\/wp\/v2\/posts\/108283\/revisions"}],"wp:featuredmedia":[{"embeddable":true,"href":"https:\/\/www.europesays.com\/pt\/wp-json\/wp\/v2\/media\/108284"}],"wp:attachment":[{"href":"https:\/\/www.europesays.com\/pt\/wp-json\/wp\/v2\/media?parent=108283"}],"wp:term":[{"taxonomy":"category","embeddable":true,"href":"https:\/\/www.europesays.com\/pt\/wp-json\/wp\/v2\/categories?post=108283"},{"taxonomy":"post_tag","embeddable":true,"href":"https:\/\/www.europesays.com\/pt\/wp-json\/wp\/v2\/tags?post=108283"}],"curies":[{"name":"wp","href":"https:\/\/api.w.org\/{rel}","templated":true}]}}