{"id":108287,"date":"2025-10-12T23:10:10","date_gmt":"2025-10-12T23:10:10","guid":{"rendered":"https:\/\/www.europesays.com\/pt\/108287\/"},"modified":"2025-10-12T23:10:10","modified_gmt":"2025-10-12T23:10:10","slug":"gisele-bundchen-exibe-foto-inedita-dos-filhos-juntos","status":"publish","type":"post","link":"https:\/\/www.europesays.com\/pt\/108287\/","title":{"rendered":"Gisele B\u00fcndchen exibe foto in\u00e9dita dos filhos juntos"},"content":{"rendered":"<p>A modelo <a href=\"https:\/\/caras.com.br\/tags\/gisele-bundchen\" rel=\"nofollow noopener\" target=\"_blank\"><strong>Gisele B\u00fcndchen<\/strong><\/a> explodiu o fofur\u00f4metro das redes sociais ao mostrar uma foto in\u00e9dita de seus filhos. Em um post, ela exibiu um momento de parceria entre o filho mais velho, <strong>Benjamin<\/strong>, e o filho ca\u00e7ula, que ainda n\u00e3o teve o nome revelado pela fam\u00edlia.<\/p>\n<p>Na foto, os meninos de Gisele apareceram tocando piano e com looks combinando, sendo que os dois usavam camisa branca e cal\u00e7a verde. O momento especial foi registrado pela m\u00e3e coruja, que flagrou a cena dos irm\u00e3os.<\/p>\n<p>Al\u00e9m disso, Gisele tamb\u00e9m mostrou um momento de carinho com a filha, <strong>Vivian<\/strong>, ao registrar um abra\u00e7o que recebeu da herdeira.<\/p>\n<p>Na legenda, ela disse:<\/p>\n<p>Vale lembrar que Benjamin e Vivian s\u00e3o frutos do primeiro casamento da modelo com o jogador de futebol americano <a href=\"https:\/\/caras.com.br\/tags\/tom-brady\" rel=\"nofollow noopener\" target=\"_blank\"><strong>Tom Brady<\/strong><\/a>. Enquanto isso, o ca\u00e7ula \u00e9 fruto do atual relacionamento dela com o professor de jiu jitsu <a href=\"https:\/\/caras.com.br\/tags\/joaquim-valente\" rel=\"nofollow noopener\" target=\"_blank\"><strong>Joaquim Valente<\/strong><\/a>.<\/p>\n<p> <img loading=\"lazy\" decoding=\"async\" class=\"wp-image-1016960 size-full img-fluid lazy\" alt=\"Filhos de Gisele B\u00fcndchen - Foto: Reprodu\u00e7\u00e3o \/ Instagram\" width=\"1080\" height=\"1439\" src=\"https:\/\/www.europesays.com\/pt\/wp-content\/uploads\/2025\/10\/filhos-de-gisele-bundchen.jpg\"  \/>Filhos de Gisele B\u00fcndchen \u2013 Foto: Reprodu\u00e7\u00e3o \/ Instagram <img loading=\"lazy\" decoding=\"async\" class=\"wp-image-1016961 size-full img-fluid lazy\" alt=\"Gisele B\u00fcndchen e a filha - Foto: Reprodu\u00e7\u00e3o \/ Instagram\" width=\"1080\" height=\"1439\" src=\"https:\/\/www.europesays.com\/pt\/wp-content\/uploads\/2025\/10\/gisele-bundchen-e-vivian.jpg\"  \/>Gisele B\u00fcndchen e a filha \u2013 Foto: Reprodu\u00e7\u00e3o \/ Instagram <\/p>\n<blockquote class=\"instagram-media\" style=\"background: #FFF; border: 0; border-radius: 3px; box-shadow: 0 0 1px 0 rgba(0,0,0,0.5),0 1px 10px 0 rgba(0,0,0,0.15); margin: 1px; max-width: 540px; min-width: 326px; padding: 0; width: calc(100% - 2px);\" data-instgrm-captioned=\"\" data-instgrm-permalink=\"https:\/\/www.instagram.com\/p\/DPt5sKWEeSv\/?utm_source=ig_embed&amp;utm_campaign=loading\" data-instgrm-version=\"14\"><\/blockquote>\n<p>  A maternidade na vida de Gisele B\u00fcndchen <\/p>\n<p>Desde que se tornou m\u00e3e, Gisele B\u00fcndchen j\u00e1 fez diversas declara\u00e7\u00f5es sobre a import\u00e2ncia da maternidade em sua vida. \u201cAmor de m\u00e3e. Um sentimento indescrit\u00edvel, incalcul\u00e1vel que nos desafia e inspira a sermos melhores pelos filhos e para eles. Me sinto aben\u00e7oada por ter recebido o presente de ser m\u00e3e de seres t\u00e3o especiais, que me ensinam tanto todos os dias\u201c, disse ela nas redes sociais em 2022.<\/p>\n<p>E completou: \u201cSer m\u00e3e \u00e9 uma mistura louca de sentimentos. N\u00e3o existe amor maior\u201c.<\/p>\n<p>\t A vida de Gisele B\u00fcndchen como m\u00e3e de 3 <\/p>\n<p>A modelo <a href=\"https:\/\/caras.com.br\/tags\/gisele-bundchen_2\" target=\"_blank\" rel=\"noopener nofollow\"><strong>Gisele B\u00fcndchen<\/strong><\/a> j\u00e1 \u00e9 m\u00e3e de tr\u00eas filhos! H\u00e1 poucas semanas, <a href=\"https:\/\/caras.com.br\/bebe\/nasce-o-primeiro-filho-de-gisele-bundchen-com-joaquim-valente.phtml\" target=\"_blank\" rel=\"noopener nofollow\">ela deu \u00e0 luz mais um menino<\/a>, que ainda n\u00e3o teve seu nome revelado, fruto do casamento com o brasileiro <strong>Joaquim Valente<\/strong>. Com isso, a top model viu sua fam\u00edlia aumentar e uma fonte contou como anda a vida dela nesta nova fase.<\/p>\n<p>De acordo com o site da Revista People, uma fonte pr\u00f3xima \u00e0 modelo contou que ela est\u00e1 indo muito bem em sua rotina como m\u00e3e de tr\u00eas. Ela est\u00e1 totalmente concentrada em sua fam\u00edlia e quer fazer todos entrarem no mesmo ritmo.<\/p>\n<p>\u201cGisele est\u00e1 indo bem. Ela parece muito feliz e contente. Ela se concentrou em sua fam\u00edlia e descansou durante o primeiro m\u00eas ap\u00f3s a chegada do beb\u00ea. Ela est\u00e1, lentamente, voltando a praticar ioga. Ela gosta de passeios mais curtos com os filhos mais velhos e Joaquim\u201d, disse o informante.<\/p>\n<p>E completou: \u201cOs filhos mais velhos dela ajudam com o beb\u00ea. Gisele chora quando v\u00ea todas as crian\u00e7as juntas \u2013 ela mal pode acreditar que tem um rec\u00e9m-nascido. Ela se sente muito aben\u00e7oada\u201d.<\/p>\n<p><strong>Leia tamb\u00e9m<\/strong>: <a href=\"https:\/\/caras.com.br\/realeza\/principe-william-cria-ligacao-com-gisele-bundchen-e-o-brasil-entenda-o-elo.phtml\" rel=\"nofollow noopener\" target=\"_blank\">Pr\u00edncipe William cria liga\u00e7\u00e3o com Gisele B\u00fcndchen e o Brasil. Entenda o elo<\/a><\/p>\n<p>        <a href=\"https:\/\/caras.com.br\/autor\/priscilla-comoti\" rel=\"nofollow noopener\" target=\"_blank\">&#13;<br \/>\n          <img alt=\"Priscilla Comoti\" src=\"https:\/\/www.europesays.com\/pt\/wp-content\/uploads\/2025\/10\/1760310610_480_e53883bdf02c542f6517b68879e8cb08b27a1d55c4dfd53577e47d3ab6331a06\"  class=\"avatar avatar-115 photo rounded-circle mr-3\" height=\"115\" width=\"115\" loading=\"lazy\" decoding=\"async\"\/>        <\/a><\/p>\n<p>Priscilla Comoti \u00e9 editora de conte\u00fado do site CARAS. Ela \u00e9 formada em jornalismo e em audiovisual, j\u00e1 passou pelos sites Contigo!, Minha Novela, TiTiTi, Mais Novela e Portal M\u00e1rcia Piovesan. Escreve sobre celebridades, not\u00edcias sobre a fam\u00edlia real brit\u00e2nica, TV, reality show e novelas.<\/p>\n<ul class=\"terms-list post_tag list-inline\">\n<li class=\"filhos-de-gisele-bundchen list-inline-item\">\n\t\t\t\t\t<a href=\"https:\/\/caras.com.br\/tags\/filhos-de-gisele-bundchen\" class=\"item-category\" rel=\"nofollow noopener\" target=\"_blank\">filhos de Gisele B\u00fcndchen<\/a>\n\t\t\t\t<\/li>\n<li class=\"gisele-bundchen list-inline-item\">\n\t\t\t\t\t<a href=\"https:\/\/caras.com.br\/tags\/gisele-bundchen_1\" class=\"item-category\" rel=\"nofollow noopener\" target=\"_blank\">gisele bundchen<\/a>\n\t\t\t\t<\/li>\n<\/ul>\n<p>\t                                            <script async src=\"\/\/www.instagram.com\/embed.js\"><\/script><\/p>\n","protected":false},"excerpt":{"rendered":"A modelo Gisele B\u00fcndchen explodiu o fofur\u00f4metro das redes sociais ao mostrar uma foto in\u00e9dita de seus filhos.&hellip;\n","protected":false},"author":2,"featured_media":108288,"comment_status":"","ping_status":"","sticky":false,"template":"","format":"standard","meta":{"footnotes":""},"categories":[145],"tags":[211,210,114,115,25848,12115,32,33],"class_list":{"0":"post-108287","1":"post","2":"type-post","3":"status-publish","4":"format-standard","5":"has-post-thumbnail","7":"category-celebridades","8":"tag-celebridades","9":"tag-celebrities","10":"tag-entertainment","11":"tag-entretenimento","12":"tag-filhos-de-gisele-bundchen","13":"tag-gisele-bundchen","14":"tag-portugal","15":"tag-pt"},"share_on_mastodon":{"url":"","error":""},"_links":{"self":[{"href":"https:\/\/www.europesays.com\/pt\/wp-json\/wp\/v2\/posts\/108287","targetHints":{"allow":["GET"]}}],"collection":[{"href":"https:\/\/www.europesays.com\/pt\/wp-json\/wp\/v2\/posts"}],"about":[{"href":"https:\/\/www.europesays.com\/pt\/wp-json\/wp\/v2\/types\/post"}],"author":[{"embeddable":true,"href":"https:\/\/www.europesays.com\/pt\/wp-json\/wp\/v2\/users\/2"}],"replies":[{"embeddable":true,"href":"https:\/\/www.europesays.com\/pt\/wp-json\/wp\/v2\/comments?post=108287"}],"version-history":[{"count":0,"href":"https:\/\/www.europesays.com\/pt\/wp-json\/wp\/v2\/posts\/108287\/revisions"}],"wp:featuredmedia":[{"embeddable":true,"href":"https:\/\/www.europesays.com\/pt\/wp-json\/wp\/v2\/media\/108288"}],"wp:attachment":[{"href":"https:\/\/www.europesays.com\/pt\/wp-json\/wp\/v2\/media?parent=108287"}],"wp:term":[{"taxonomy":"category","embeddable":true,"href":"https:\/\/www.europesays.com\/pt\/wp-json\/wp\/v2\/categories?post=108287"},{"taxonomy":"post_tag","embeddable":true,"href":"https:\/\/www.europesays.com\/pt\/wp-json\/wp\/v2\/tags?post=108287"}],"curies":[{"name":"wp","href":"https:\/\/api.w.org\/{rel}","templated":true}]}}