{"id":108303,"date":"2025-10-12T23:23:20","date_gmt":"2025-10-12T23:23:20","guid":{"rendered":"https:\/\/www.europesays.com\/pt\/108303\/"},"modified":"2025-10-12T23:23:20","modified_gmt":"2025-10-12T23:23:20","slug":"rafael-leao-dispensado-da-selecao","status":"publish","type":"post","link":"https:\/\/www.europesays.com\/pt\/108303\/","title":{"rendered":"Rafael Le\u00e3o dispensado da Sele\u00e7\u00e3o"},"content":{"rendered":"<p><a class=\"autolink-enabled\" data-resource-id=\"178944\" data-resource-type=\"player\" data-sport=\"football\" href=\"https:\/\/www.abola.pt\/futebol\/jogador\/rafael-leao-178944\" rel=\"nofollow noopener\" target=\"_blank\">Rafael Le\u00e3o<\/a> foi dispensado dos trabalhos da Sele\u00e7\u00e3o Nacional.<\/p>\n<p>O extremo do <a class=\"autolink-enabled\" data-resource-id=\"245\" data-resource-type=\"team\" data-sport=\"football\" href=\"https:\/\/www.abola.pt\/futebol\/milan-245\" rel=\"nofollow noopener\" target=\"_blank\">Milan<\/a> n\u00e3o treinou este domingo, embora n\u00e3o apresentasse qualquer les\u00e3o. Tratou-se de uma quest\u00e3o de gest\u00e3o f\u00edsica.<\/p>\n<p>Poucas horas depois, Roberto Mart\u00ednez acabou mesmo por dispensar o jogador. As limita\u00e7\u00f5es de utiliza\u00e7\u00e3o de Rafael Le\u00e3o, que necessita de uma reintegra\u00e7\u00e3o progressiva aos jogos, com o acumular gradual de minutos, acabaram por pesar na decis\u00e3o do selecionador, que teve ainda em conta a exibi\u00e7\u00e3o no jogo com a Irlanda.<\/p>\n<p>Le\u00e3o regressa agora aos trabalhos do <a target=\"_blank\" class=\"editor-link autolink-enabled\" href=\"https:\/\/www.abola.pt\/futebol\/milan-245\" data-resource-id=\"245\" data-resource-type=\"team\" data-sport=\"football\" rel=\"nofollow noopener\">Milan<\/a> e falha o Portugal-Hungria de ter\u00e7a-feira. Gon\u00e7alo In\u00e1cio, apesar de ter tamb\u00e9m falhado o treino, continua integrado. <\/p>\n<p style=\"text-align: start\">A equipa das quinas volta a treinar esta segunda-feira, \u00e0s\u00a017h00, na Cidade do Futebol, sendo o apronto antecedido, \u00e0s 16h00,\u00a0pela habitual confer\u00eancia de imprensa com um jogador a designar e o selecionador nacional, Roberto Mart\u00ednez.\u00a0<\/p>\n","protected":false},"excerpt":{"rendered":"Rafael Le\u00e3o foi dispensado dos trabalhos da Sele\u00e7\u00e3o Nacional. O extremo do Milan n\u00e3o treinou este domingo, embora&hellip;\n","protected":false},"author":2,"featured_media":108304,"comment_status":"","ping_status":"","sticky":false,"template":"","format":"standard","meta":{"footnotes":""},"categories":[8],"tags":[27,28,15,16,14,25,26,21,22,12,13,19,20,32,23,24,33,17,18,29,30,31],"class_list":{"0":"post-108303","1":"post","2":"type-post","3":"status-publish","4":"format-standard","5":"has-post-thumbnail","7":"category-principais-noticias","8":"tag-breaking-news","9":"tag-breakingnews","10":"tag-featured-news","11":"tag-featurednews","12":"tag-headlines","13":"tag-latest-news","14":"tag-latestnews","15":"tag-main-news","16":"tag-mainnews","17":"tag-news","18":"tag-noticias","19":"tag-noticias-principais","20":"tag-noticiasprincipais","21":"tag-portugal","22":"tag-principais-noticias","23":"tag-principaisnoticias","24":"tag-pt","25":"tag-top-stories","26":"tag-topstories","27":"tag-ultimas","28":"tag-ultimas-noticias","29":"tag-ultimasnoticias"},"share_on_mastodon":{"url":"","error":""},"_links":{"self":[{"href":"https:\/\/www.europesays.com\/pt\/wp-json\/wp\/v2\/posts\/108303","targetHints":{"allow":["GET"]}}],"collection":[{"href":"https:\/\/www.europesays.com\/pt\/wp-json\/wp\/v2\/posts"}],"about":[{"href":"https:\/\/www.europesays.com\/pt\/wp-json\/wp\/v2\/types\/post"}],"author":[{"embeddable":true,"href":"https:\/\/www.europesays.com\/pt\/wp-json\/wp\/v2\/users\/2"}],"replies":[{"embeddable":true,"href":"https:\/\/www.europesays.com\/pt\/wp-json\/wp\/v2\/comments?post=108303"}],"version-history":[{"count":0,"href":"https:\/\/www.europesays.com\/pt\/wp-json\/wp\/v2\/posts\/108303\/revisions"}],"wp:featuredmedia":[{"embeddable":true,"href":"https:\/\/www.europesays.com\/pt\/wp-json\/wp\/v2\/media\/108304"}],"wp:attachment":[{"href":"https:\/\/www.europesays.com\/pt\/wp-json\/wp\/v2\/media?parent=108303"}],"wp:term":[{"taxonomy":"category","embeddable":true,"href":"https:\/\/www.europesays.com\/pt\/wp-json\/wp\/v2\/categories?post=108303"},{"taxonomy":"post_tag","embeddable":true,"href":"https:\/\/www.europesays.com\/pt\/wp-json\/wp\/v2\/tags?post=108303"}],"curies":[{"name":"wp","href":"https:\/\/api.w.org\/{rel}","templated":true}]}}