{"id":108321,"date":"2025-10-12T23:37:13","date_gmt":"2025-10-12T23:37:13","guid":{"rendered":"https:\/\/www.europesays.com\/pt\/108321\/"},"modified":"2025-10-12T23:37:13","modified_gmt":"2025-10-12T23:37:13","slug":"candidatura-de-moedas-em-lisboa-diz-que-projecoes-sao-indicacao-positiva","status":"publish","type":"post","link":"https:\/\/www.europesays.com\/pt\/108321\/","title":{"rendered":"Candidatura de Moedas em Lisboa diz que proje\u00e7\u00f5es s\u00e3o &#8220;indica\u00e7\u00e3o positiva&#8221;"},"content":{"rendered":"<p>&#13;<br \/>\n&#8220;S\u00e3o apenas uma indica\u00e7\u00e3o [&#8230;], uma indica\u00e7\u00e3o positiva, \u00e9 verdade, mas aguardamos com tranquilidade e respeito pelo voto dos lisboetas&#8221;, afirmou o diretor de campanha da coliga\u00e7\u00e3o &#8220;Por ti, Lisboa&#8221; &#8211; PSD\/CDS-PP\/IL, Ant\u00f3nio Valle, numa breve declara\u00e7\u00e3o pelas 20:30, sem direito a perguntas.&#13;\n<\/p>\n<p>&#13;<br \/>\nAnt\u00f3nio Valle falava na sala de um hotel na zona do Marqu\u00eas de Pombal, onde a candidatura encabe\u00e7ada por Carlos Moedas acompanha a noite eleitoral, no mesmo s\u00edtio onde h\u00e1 quatro anos o autarca do PSD festejou a elei\u00e7\u00e3o como presidente da C\u00e2mara de Lisboa.&#13;\n<\/p>\n<p>&#13;<br \/>\n&#8220;Esta foi uma campanha exigente, feita com enorme dedica\u00e7\u00e3o, num momento em que todos fomos postos \u00e0 prova, mas tamb\u00e9m foi uma campanha em que muitos lisboetas reconheceram o trabalho do presidente Carlos Moedas&#8221;, referiu o diretor de campanha, acrescentando que as proje\u00e7\u00f5es apontam para &#8220;uma grande confian\u00e7a&#8221; em torno do projeto &#8220;Por ti, Lisboa&#8221;.&#13;\n<\/p>\n<p>&#13;<br \/>\nOs membros da campanha est\u00e3o por isso &#8220;muito otimistas&#8221; a aguardar os resultados.&#13;\n<\/p>\n<p>&#13;<br \/>\n&#8220;Ainda assim, quero ser muito claro: s\u00f3 falaremos de resultados quando houver dados oficiais. At\u00e9 l\u00e1, a nossa postura \u00e9 de serenidade e respeito pelo processo democr\u00e1tico&#8221;, refor\u00e7ou.&#13;\n<\/p>\n<p>&#13;<br \/>\nNessa mesma declara\u00e7\u00e3o, Ant\u00f3nio Valle disse que &#8220;esta noite \u00e9 sobre Lisboa, independentemente do resultado, \u00e9 sobre todos os lisboetas sem exce\u00e7\u00e3o&#8221;, agradecendo a todos os que confiaram na candidatura de Carlos Moedas e a todos os lisboetas.&#13;\n<\/p>\n<p>&#13;<br \/>\nApesar de as sondagens televisivas apontarem para um empate entre Carlos Moedas (PSD\/CDS-PP\/IL) e Alexandra Leit\u00e3o (PS\/Livre\/BE\/PAN), no momento em que foram divulgadas, pelas 20:00, os apoiantes da coliga\u00e7\u00e3o &#8220;Por ti, Lisboa&#8221; reagiram com entusiasmo e gritaram &#8220;vit\u00f3ria&#8221;.&#13;\n<\/p>\n<p>&#13;<br \/>\nCarlos Moedas chegou ao hotel pelas 18:20 e disse estar &#8220;com muita tranquilidade&#8221;, assinalando que &#8220;\u00e9 um dia muito especial para a democracia&#8221; e manifestando-se &#8220;muito confiante&#8221;, sobretudo por confiar nos lisboetas.&#13;\n<\/p>\n<p>&#13;<br \/>\nNestas elei\u00e7\u00f5es concorreram \u00e0 presid\u00eancia da C\u00e2mara de Lisboa Carlos Moedas (PSD\/CDS-PP\/IL), Alexandra Leit\u00e3o (PS\/Livre\/BE\/PAN), Jo\u00e3o Ferreira (CDU-PCP\/PEV), Bruno Mascarenhas (Chega), Ossanda L\u00edber (Nova Direita), Jos\u00e9 Almeida (Volt), Adelaide Ferreira (ADN), Tomaz Ponce Dentinho (PPM\/PTP) e Lu\u00eds Mendes (RIR).&#13;\n<\/p>\n<p>&#13;<br \/>\nAtualmente, o executivo municipal integra sete eleitos da coliga\u00e7\u00e3o &#8220;Novos Tempos&#8221; &#8211; PSD\/CDS-PP\/MPT\/PPM\/Alian\u00e7a, sete eleitos da coliga\u00e7\u00e3o &#8220;Mais Lisboa&#8221; &#8211; PS\/Livre, dois da CDU e um do BE.&#13;<\/p>\n","protected":false},"excerpt":{"rendered":"&#13; &#8220;S\u00e3o apenas uma indica\u00e7\u00e3o [&#8230;], uma indica\u00e7\u00e3o positiva, \u00e9 verdade, mas aguardamos com tranquilidade e respeito pelo&hellip;\n","protected":false},"author":2,"featured_media":106113,"comment_status":"","ping_status":"","sticky":false,"template":"","format":"standard","meta":{"footnotes":""},"categories":[8],"tags":[25853,27,28,15,16,14,25,26,21,22,25851,12,13,19,20,25852,32,23,24,33,25854,17,18,29,30,31],"class_list":{"0":"post-108321","1":"post","2":"type-post","3":"status-publish","4":"format-standard","5":"has-post-thumbnail","7":"category-principais-noticias","8":"tag-alexandra-leitao-livre-pan","9":"tag-breaking-news","10":"tag-breakingnews","11":"tag-featured-news","12":"tag-featurednews","13":"tag-headlines","14":"tag-latest-news","15":"tag-latestnews","16":"tag-main-news","17":"tag-mainnews","18":"tag-moedas-cds-pp-il-alexandra-leitao-livre","19":"tag-news","20":"tag-noticias","21":"tag-noticias-principais","22":"tag-noticiasprincipais","23":"tag-pev-bruno-mascarenhas-chega-ossanda-liber","24":"tag-portugal","25":"tag-principais-noticias","26":"tag-principaisnoticias","27":"tag-pt","28":"tag-tempos","29":"tag-top-stories","30":"tag-topstories","31":"tag-ultimas","32":"tag-ultimas-noticias","33":"tag-ultimasnoticias"},"share_on_mastodon":{"url":"","error":""},"_links":{"self":[{"href":"https:\/\/www.europesays.com\/pt\/wp-json\/wp\/v2\/posts\/108321","targetHints":{"allow":["GET"]}}],"collection":[{"href":"https:\/\/www.europesays.com\/pt\/wp-json\/wp\/v2\/posts"}],"about":[{"href":"https:\/\/www.europesays.com\/pt\/wp-json\/wp\/v2\/types\/post"}],"author":[{"embeddable":true,"href":"https:\/\/www.europesays.com\/pt\/wp-json\/wp\/v2\/users\/2"}],"replies":[{"embeddable":true,"href":"https:\/\/www.europesays.com\/pt\/wp-json\/wp\/v2\/comments?post=108321"}],"version-history":[{"count":0,"href":"https:\/\/www.europesays.com\/pt\/wp-json\/wp\/v2\/posts\/108321\/revisions"}],"wp:featuredmedia":[{"embeddable":true,"href":"https:\/\/www.europesays.com\/pt\/wp-json\/wp\/v2\/media\/106113"}],"wp:attachment":[{"href":"https:\/\/www.europesays.com\/pt\/wp-json\/wp\/v2\/media?parent=108321"}],"wp:term":[{"taxonomy":"category","embeddable":true,"href":"https:\/\/www.europesays.com\/pt\/wp-json\/wp\/v2\/categories?post=108321"},{"taxonomy":"post_tag","embeddable":true,"href":"https:\/\/www.europesays.com\/pt\/wp-json\/wp\/v2\/tags?post=108321"}],"curies":[{"name":"wp","href":"https:\/\/api.w.org\/{rel}","templated":true}]}}