{"id":108344,"date":"2025-10-12T23:55:08","date_gmt":"2025-10-12T23:55:08","guid":{"rendered":"https:\/\/www.europesays.com\/pt\/108344\/"},"modified":"2025-10-12T23:55:08","modified_gmt":"2025-10-12T23:55:08","slug":"estrategia-liliana-admite-jogar-com-fabio-para-obter-reacoes-secret-story","status":"publish","type":"post","link":"https:\/\/www.europesays.com\/pt\/108344\/","title":{"rendered":"Estrat\u00e9gia? Liliana admite jogar com F\u00e1bio para obter rea\u00e7\u00f5es &#8211; Secret Story"},"content":{"rendered":"<p>A noite de gala do <strong>Secret Story 9<\/strong> ficou marcada por uma revela\u00e7\u00e3o inesperada de <strong>Liliana<\/strong>. Num debate frente a frente com Pedro Jorge, a concorrente assumiu, sem rodeios, que joga com F\u00e1bio para obter rea\u00e7\u00f5es e, com estas, esclarecer d\u00favidas relativamente aos seus sentimentos. Explicou que o faz para observar comportamentos e perceber como a sua postura na casa muda.<\/p>\n<p data-end=\"1694\" data-start=\"1393\">Esta revela\u00e7\u00e3o vem dar uma nova dimens\u00e3o \u00e0 rela\u00e7\u00e3o entre Liliana e F\u00e1bio, que j\u00e1 tinha sido alvo de especula\u00e7\u00e3o ao longo das \u00faltimas semanas. Depois de v\u00e1rios momentos de proximidade e afastamento, a concorrente confirma agora que parte das suas a\u00e7\u00f5es s\u00e3o pensadas ao detalhe.<\/p>\n<p>Veja o momento: <\/p>\n<p data-end=\"1694\" data-start=\"1393\">Para al\u00e9m disto, ap\u00f3s o debate, Liliana teve uma discuss\u00e3o com Marisa, depois de ver em imagens aquilo que esta disse sobre si nas costas, chamando-a de falsa em pleno direto.<\/p>\n<p>Veja aqui: <\/p>\n<p data-end=\"1825\" data-start=\"1696\">O <strong>Secret Story 9<\/strong> continua a surpreender e a mostrar que, dentro da casa mais vigiada do pa\u00eds, nada \u00e9 exatamente o que parece.<\/p>\n","protected":false},"excerpt":{"rendered":"A noite de gala do Secret Story 9 ficou marcada por uma revela\u00e7\u00e3o inesperada de Liliana. Num debate&hellip;\n","protected":false},"author":2,"featured_media":108345,"comment_status":"","ping_status":"","sticky":false,"template":"","format":"standard","meta":{"footnotes":""},"categories":[142],"tags":[8113,2632,329,333,328,335,336,114,115,334,19082,330,19016,1326,338,19184,19019,13,32,33,1315,8174,151,162,19020,227],"class_list":{"0":"post-108344","1":"post","2":"type-post","3":"status-publish","4":"format-standard","5":"has-post-thumbnail","7":"category-tv","8":"tag-alice-alves","9":"tag-casa-dos-segredos","10":"tag-claudio-ramos","11":"tag-comentadores","12":"tag-concorrentes","13":"tag-confrontos","14":"tag-discussoes","15":"tag-entertainment","16":"tag-entretenimento","17":"tag-exclusivos","18":"tag-fabio","19":"tag-gala","20":"tag-liliana","21":"tag-mafalda-castro","22":"tag-maria-botelho-moniz","23":"tag-marisa","24":"tag-marta-cardoso","25":"tag-noticias","26":"tag-portugal","27":"tag-pt","28":"tag-secret-story","29":"tag-segredos","30":"tag-tv","31":"tag-tvi","32":"tag-video-do-dia","33":"tag-videos"},"share_on_mastodon":{"url":"","error":""},"_links":{"self":[{"href":"https:\/\/www.europesays.com\/pt\/wp-json\/wp\/v2\/posts\/108344","targetHints":{"allow":["GET"]}}],"collection":[{"href":"https:\/\/www.europesays.com\/pt\/wp-json\/wp\/v2\/posts"}],"about":[{"href":"https:\/\/www.europesays.com\/pt\/wp-json\/wp\/v2\/types\/post"}],"author":[{"embeddable":true,"href":"https:\/\/www.europesays.com\/pt\/wp-json\/wp\/v2\/users\/2"}],"replies":[{"embeddable":true,"href":"https:\/\/www.europesays.com\/pt\/wp-json\/wp\/v2\/comments?post=108344"}],"version-history":[{"count":0,"href":"https:\/\/www.europesays.com\/pt\/wp-json\/wp\/v2\/posts\/108344\/revisions"}],"wp:featuredmedia":[{"embeddable":true,"href":"https:\/\/www.europesays.com\/pt\/wp-json\/wp\/v2\/media\/108345"}],"wp:attachment":[{"href":"https:\/\/www.europesays.com\/pt\/wp-json\/wp\/v2\/media?parent=108344"}],"wp:term":[{"taxonomy":"category","embeddable":true,"href":"https:\/\/www.europesays.com\/pt\/wp-json\/wp\/v2\/categories?post=108344"},{"taxonomy":"post_tag","embeddable":true,"href":"https:\/\/www.europesays.com\/pt\/wp-json\/wp\/v2\/tags?post=108344"}],"curies":[{"name":"wp","href":"https:\/\/api.w.org\/{rel}","templated":true}]}}