{"id":108358,"date":"2025-10-13T00:04:07","date_gmt":"2025-10-13T00:04:07","guid":{"rendered":"https:\/\/www.europesays.com\/pt\/108358\/"},"modified":"2025-10-13T00:04:07","modified_gmt":"2025-10-13T00:04:07","slug":"raimundo-reconhece-resultado-negativo-com-elementos-de-resistencia","status":"publish","type":"post","link":"https:\/\/www.europesays.com\/pt\/108358\/","title":{"rendered":"Raimundo reconhece \u201cresultado negativo\u201d com \u201celementos de resist\u00eancia\u201d"},"content":{"rendered":"<p class=\"text-paragraph\">O secret\u00e1rio-geral do PCP reconheceu hoje que o resultado da CDU nas elei\u00e7\u00f5es aut\u00e1rquicas foi negativo e a coliga\u00e7\u00e3o ambicionava mais, mas considerou haver \u201celementos de resist\u00eancia\u201d, como a conquista de quatro novas autarquias.<\/p>\n<p class=\"text-paragraph\">\u201cOs resultados apontam para uma redu\u00e7\u00e3o da express\u00e3o eleitoral da CDU, seja da sua vota\u00e7\u00e3o, seja dos seus mandatos, seja do n\u00famero de munic\u00edpios em que \u00e9 for\u00e7a maiorit\u00e1ria\u201d, afirmou Paulo Raimundo em declara\u00e7\u00f5es aos jornalistas num hotel em Lisboa, onde decorreu a noite eleitoral da CDU.<\/p>\n<p class=\"text-paragraph\">O secret\u00e1rio-geral do PCP considerou que o resultado \u201cn\u00e3o traduz o reconhecimento do percurso, do trabalho e interven\u00e7\u00e3o\u201d dos eleitos da CDU nas autarquias e \u201ccondicionar\u00e1 negativamente as condi\u00e7\u00f5es para ser assegurada uma gest\u00e3o de acordo com os interesses das popula\u00e7\u00f5es\u201d.<\/p>\n<p class=\"text-paragraph\">No entanto, Paulo Raimundo considerou que, apesar de ser, \u201cem geral, negativo\u201d, o resultado da CDU, tem tamb\u00e9m \u201celementos de resist\u00eancia\u201d, designadamente a conquista de maiorias em 11 munic\u00edpios, entre as quais quatro novas autarquias: Mora, Sines, Montemor-o-Novo e Aljustrel.<\/p>\n<p class=\"text-paragraph\">S\u00e3o \u201cnovas conquistas, desmentindo assim os muito vatic\u00ednios sobre o inevit\u00e1vel sentido de perda da CDU e confirmando as reais possibilidades de avan\u00e7ar e reconquistar autarquias onde se conheceu agora um desfecho negativo\u201d, disse.<\/p>\n","protected":false},"excerpt":{"rendered":"O secret\u00e1rio-geral do PCP reconheceu hoje que o resultado da CDU nas elei\u00e7\u00f5es aut\u00e1rquicas foi negativo e a&hellip;\n","protected":false},"author":2,"featured_media":108359,"comment_status":"","ping_status":"","sticky":false,"template":"","format":"standard","meta":{"footnotes":""},"categories":[10],"tags":[27,28,15,16,14,25,26,21,22,12,13,19,20,32,23,24,33,17,18,29,30,31],"class_list":{"0":"post-108358","1":"post","2":"type-post","3":"status-publish","4":"format-standard","5":"has-post-thumbnail","7":"category-portugal","8":"tag-breaking-news","9":"tag-breakingnews","10":"tag-featured-news","11":"tag-featurednews","12":"tag-headlines","13":"tag-latest-news","14":"tag-latestnews","15":"tag-main-news","16":"tag-mainnews","17":"tag-news","18":"tag-noticias","19":"tag-noticias-principais","20":"tag-noticiasprincipais","21":"tag-portugal","22":"tag-principais-noticias","23":"tag-principaisnoticias","24":"tag-pt","25":"tag-top-stories","26":"tag-topstories","27":"tag-ultimas","28":"tag-ultimas-noticias","29":"tag-ultimasnoticias"},"share_on_mastodon":{"url":"","error":""},"_links":{"self":[{"href":"https:\/\/www.europesays.com\/pt\/wp-json\/wp\/v2\/posts\/108358","targetHints":{"allow":["GET"]}}],"collection":[{"href":"https:\/\/www.europesays.com\/pt\/wp-json\/wp\/v2\/posts"}],"about":[{"href":"https:\/\/www.europesays.com\/pt\/wp-json\/wp\/v2\/types\/post"}],"author":[{"embeddable":true,"href":"https:\/\/www.europesays.com\/pt\/wp-json\/wp\/v2\/users\/2"}],"replies":[{"embeddable":true,"href":"https:\/\/www.europesays.com\/pt\/wp-json\/wp\/v2\/comments?post=108358"}],"version-history":[{"count":0,"href":"https:\/\/www.europesays.com\/pt\/wp-json\/wp\/v2\/posts\/108358\/revisions"}],"wp:featuredmedia":[{"embeddable":true,"href":"https:\/\/www.europesays.com\/pt\/wp-json\/wp\/v2\/media\/108359"}],"wp:attachment":[{"href":"https:\/\/www.europesays.com\/pt\/wp-json\/wp\/v2\/media?parent=108358"}],"wp:term":[{"taxonomy":"category","embeddable":true,"href":"https:\/\/www.europesays.com\/pt\/wp-json\/wp\/v2\/categories?post=108358"},{"taxonomy":"post_tag","embeddable":true,"href":"https:\/\/www.europesays.com\/pt\/wp-json\/wp\/v2\/tags?post=108358"}],"curies":[{"name":"wp","href":"https:\/\/api.w.org\/{rel}","templated":true}]}}