{"id":108361,"date":"2025-10-13T00:06:07","date_gmt":"2025-10-13T00:06:07","guid":{"rendered":"https:\/\/www.europesays.com\/pt\/108361\/"},"modified":"2025-10-13T00:06:07","modified_gmt":"2025-10-13T00:06:07","slug":"caetano-veloso-explica-relacao-com-fe-e-diz-que-filhos-foram-atraidos-pela-igreja-evangelica","status":"publish","type":"post","link":"https:\/\/www.europesays.com\/pt\/108361\/","title":{"rendered":"Caetano Veloso explica rela\u00e7\u00e3o com f\u00e9 e diz que filhos foram &#8216;atra\u00eddos pela igreja evang\u00e9lica&#8217;"},"content":{"rendered":"<p>\n                        Cantor recebeu homenagem no programa &#8216;Altas Horas&#8217; e falou sobre presen\u00e7a de diversidade religiosa em sua fam\u00edlia\n                    <\/p>\n<p class=\"text\"><b>Caetano Veloso<\/b> explicou por que convidou o cantor gospel<b> <\/b><b>Kleber Lucas<\/b><b> <\/b>para regravar o louvor Deus Cuida de Mim, parte do repert\u00f3rio de sua turn\u00ea hist\u00f3rica com <b>Maria Beth\u00e2nia<\/b>. Durante participa\u00e7\u00e3o no programa <b>Altas Horas <\/b>deste s\u00e1bado, 11, o artista falou sobre diversidade religiosa em sua fam\u00edlia e disse que<b> <\/b><b>Zeca<\/b> e <b>Tom<\/b>, seus filhos, foram &#8220;atra\u00eddos pela igreja evang\u00e9lica&#8221;.<\/p>\n<p class=\"text\">&#8220;Eu nunca fui propriamente uma pessoa de f\u00e9, eu fui criado em uma fam\u00edlia cat\u00f3lica muito ordeira, e que frequentava a igreja. Fui batizado, fiz primeira comunh\u00e3o, e vi tamb\u00e9m que muitos valores que a gente tem para considerar as coisas da vida v\u00eam da cultura religiosa em geral&#8221;, destacou, dizendo que a inclus\u00e3o da m\u00fasica veio como uma forma de reconhecer o crescimento das igrejas evang\u00e9licas no Brasil.<\/p>\n<p class=\"text\">&#8220;Nas \u00faltimas d\u00e9cadas, vem crescendo muito fortemente o n\u00famero de evang\u00e9licos no Brasil, e de repente o Kleber Lucas apareceu l\u00e1 em casa. Ele cantou Deus Cuida de Mim e eu achei bonito, e disse para ele: &#8216;Ent\u00e3o gravem.&#8217; \u00c9 um reconhecimento da import\u00e2ncia do crescimento das igrejas evang\u00e9licas no Brasil. Pessoalmente, eu tive meus filhos Zeca e Tom, quando eram pequenos, atra\u00eddos pela igreja evang\u00e9lica, levados por Zefinha, que cuidava deles&#8221;, revela, dizendo que sente orgulho.<\/p>\n<p class=\"text\">&#8220;O Tom depois deixou a igreja mas Zeca permanece evang\u00e9lico e eu sou muito orgulhoso disso porque ele faz parte de um fen\u00f4meno que me interessa muito no Brasil, e eu me interessei de longe vendo na televis\u00e3o. Eu senti isso dentro da minha carne forte.&#8221;<\/p>\n<p class=\"text\">Homenageado da edi\u00e7\u00e3o, que tamb\u00e9m celebrou os 25 anos do programa de <b>Serginho Groisman<\/b>, Caetano refor\u00e7a que n\u00e3o se identifica com o v\u00ednculo religioso, e diz que, neste sentido, se aproxima mais de Moreno por sua proximidade com o Candombl\u00e9.<\/p>\n<p class=\"text\">&#8220;<b>Moreno<\/b> sempre foi, diferentemente de mim, muito religioso, mas com uma vis\u00e3o das antigas religi\u00f5es cl\u00e1ssicas, da Gr\u00e9cia e das religi\u00f5es orientais, e o interesse pelo Candombl\u00e9. Eu sou filho de santo, tenho cabe\u00e7a feita no [terreiro] Gantois e tenho muito orgulho disso. Isso tamb\u00e9m tem uma import\u00e2ncia hist\u00f3rica na minha vida, na vida da nossa sociedade, mas eu n\u00e3o tenho uma vincula\u00e7\u00e3o propriamente pessoal, religiosa, com essas coisas. Nesse ponto eu me identifico mais com Moreno.&#8221;<\/p>\n<p class=\"text\">O programa contou com as participa\u00e7\u00f5es tamb\u00e9m de <a href=\"https:\/\/www.terra.com.br\/tudo-sobre\/ivete-sangalo\" target=\"_self\" rel=\"nofollow noopener\">Ivete Sangalo<\/a>, <b>Gilberto Gil<\/b>,<b> <\/b><b>Ney Matogrosso<\/b>,<b> <\/b><b>Xande de Pilares<\/b> e <b>Mosquito<\/b>, que recordaram a rela\u00e7\u00e3o com Caetano e se apresentaram.<\/p>\n","protected":false},"excerpt":{"rendered":"Cantor recebeu homenagem no programa &#8216;Altas Horas&#8217; e falou sobre presen\u00e7a de diversidade religiosa em sua fam\u00edlia Caetano&hellip;\n","protected":false},"author":2,"featured_media":89585,"comment_status":"","ping_status":"","sticky":false,"template":"","format":"standard","meta":{"footnotes":""},"categories":[145],"tags":[8279,6202,211,210,114,115,25860,25727,32,33,25859],"class_list":{"0":"post-108361","1":"post","2":"type-post","3":"status-publish","4":"format-standard","5":"has-post-thumbnail","7":"category-celebridades","8":"tag-altas-horas","9":"tag-caetano-veloso","10":"tag-celebridades","11":"tag-celebrities","12":"tag-entertainment","13":"tag-entretenimento","14":"tag-kleber-lucas","15":"tag-moreno-veloso","16":"tag-portugal","17":"tag-pt","18":"tag-zeca-veloso"},"share_on_mastodon":{"url":"","error":""},"_links":{"self":[{"href":"https:\/\/www.europesays.com\/pt\/wp-json\/wp\/v2\/posts\/108361","targetHints":{"allow":["GET"]}}],"collection":[{"href":"https:\/\/www.europesays.com\/pt\/wp-json\/wp\/v2\/posts"}],"about":[{"href":"https:\/\/www.europesays.com\/pt\/wp-json\/wp\/v2\/types\/post"}],"author":[{"embeddable":true,"href":"https:\/\/www.europesays.com\/pt\/wp-json\/wp\/v2\/users\/2"}],"replies":[{"embeddable":true,"href":"https:\/\/www.europesays.com\/pt\/wp-json\/wp\/v2\/comments?post=108361"}],"version-history":[{"count":0,"href":"https:\/\/www.europesays.com\/pt\/wp-json\/wp\/v2\/posts\/108361\/revisions"}],"wp:featuredmedia":[{"embeddable":true,"href":"https:\/\/www.europesays.com\/pt\/wp-json\/wp\/v2\/media\/89585"}],"wp:attachment":[{"href":"https:\/\/www.europesays.com\/pt\/wp-json\/wp\/v2\/media?parent=108361"}],"wp:term":[{"taxonomy":"category","embeddable":true,"href":"https:\/\/www.europesays.com\/pt\/wp-json\/wp\/v2\/categories?post=108361"},{"taxonomy":"post_tag","embeddable":true,"href":"https:\/\/www.europesays.com\/pt\/wp-json\/wp\/v2\/tags?post=108361"}],"curies":[{"name":"wp","href":"https:\/\/api.w.org\/{rel}","templated":true}]}}