{"id":108368,"date":"2025-10-13T00:13:06","date_gmt":"2025-10-13T00:13:06","guid":{"rendered":"https:\/\/www.europesays.com\/pt\/108368\/"},"modified":"2025-10-13T00:13:06","modified_gmt":"2025-10-13T00:13:06","slug":"litoral-de-sp-realiza-campanha-de-multivacinacao-ate-o-fim-de-outubro-veja-onde","status":"publish","type":"post","link":"https:\/\/www.europesays.com\/pt\/108368\/","title":{"rendered":"Litoral de SP realiza campanha de multivacina\u00e7\u00e3o at\u00e9 o fim de outubro; veja onde"},"content":{"rendered":"<p>\n\t\t\t\t\t\tNos pontos de vacina\u00e7\u00e3o, tamb\u00e9m ser\u00e1 poss\u00edvel tomar a vacina contra a gripe \/ Divulga\u00e7\u00e3o\/PMG\n\t\t\t\t\t<\/p>\n<p>A Campanha Nacional de Multivacina\u00e7\u00e3o segue em andamento no litoral de S\u00e3o Paulo at\u00e9 o dia 31 de outubro. A iniciativa tem como objetivo atualizar a caderneta de vacina\u00e7\u00e3o e refor\u00e7ar a imuniza\u00e7\u00e3o de crian\u00e7as e adolescentes de at\u00e9 15 anos. Para receber as doses, \u00e9 necess\u00e1rio apresentar um documento com foto e a carteirinha de vacina\u00e7\u00e3o.<\/p>\n<p><strong>Fa\u00e7a parte do grupo do Di\u00e1rio no <\/strong><a href=\"https:\/\/bit.ly\/CanalDiarioDoLitoral\" target=\"_blank\" rel=\"nofollow noopener\">WhatsApp<\/a> <strong>e<\/strong> <a href=\"https:\/\/t.me\/diariodolitoral\" target=\"_blank\" rel=\"nofollow\">Telegram<\/a><strong>.<br \/>Mantenha-se bem informado.<\/strong><\/p>\n<p>As Unidades de <a href=\"https:\/\/www.diariodolitoral.com.br\/tags\/saude\/\" rel=\"nofollow noopener\" target=\"_blank\">Sa\u00fade<\/a> da Fam\u00edlia (Usafas) funcionam de segunda a sexta-feira, das 9h \u00e0s 16h, e far\u00e3o o &#8220;Dia D da Vacina\u00e7\u00e3o&#8221; no pr\u00f3ximo s\u00e1bado, dia\u00a018 de outubro, com hor\u00e1rio ampliado para facilitar o acesso da popula\u00e7\u00e3o.\n\t\t\t<\/p>\n<p class=\"texto-continue listagem-detalhe\">Continua depois da publicidade<\/p>\n<p>Entre as vacinas dispon\u00edveis est\u00e3o as contra dengue, aplicada em crian\u00e7as de 10 a 14 anos, e HPV, para jovens de 9 a 14 anos \u2014 com busca ativa de adolescentes at\u00e9 19 anos que ainda n\u00e3o receberam o imunizante.<\/p>\n<p>Tamb\u00e9m ser\u00e1 refor\u00e7ada a aplica\u00e7\u00e3o da dose zero de sarampo para beb\u00eas entre 6 meses e 1 ano, medida adotada como preven\u00e7\u00e3o diante do aumento do risco de exposi\u00e7\u00e3o ao v\u00edrus.\n\t\t\t<\/p>\n<p class=\"texto-continue listagem-detalhe\">Continua depois da publicidade<\/p>\n<p>A Secretaria de Sa\u00fade P\u00fablica lembra que seguem dispon\u00edveis as vacinas contra gripe, para toda a popula\u00e7\u00e3o acima de seis meses, e contra a covid-19, destinada a grupos priorit\u00e1rios como idosos, gestantes, imunocomprometidos e profissionais de sa\u00fade.<\/p>\n","protected":false},"excerpt":{"rendered":"Nos pontos de vacina\u00e7\u00e3o, tamb\u00e9m ser\u00e1 poss\u00edvel tomar a vacina contra a gripe \/ Divulga\u00e7\u00e3o\/PMG A Campanha Nacional&hellip;\n","protected":false},"author":2,"featured_media":108369,"comment_status":"","ping_status":"","sticky":false,"template":"","format":"standard","meta":{"footnotes":""},"categories":[86],"tags":[25861,116,32,33,117],"class_list":{"0":"post-108368","1":"post","2":"type-post","3":"status-publish","4":"format-standard","5":"has-post-thumbnail","7":"category-saude","8":"tag-baixada-santista","9":"tag-health","10":"tag-portugal","11":"tag-pt","12":"tag-saude"},"share_on_mastodon":{"url":"","error":""},"_links":{"self":[{"href":"https:\/\/www.europesays.com\/pt\/wp-json\/wp\/v2\/posts\/108368","targetHints":{"allow":["GET"]}}],"collection":[{"href":"https:\/\/www.europesays.com\/pt\/wp-json\/wp\/v2\/posts"}],"about":[{"href":"https:\/\/www.europesays.com\/pt\/wp-json\/wp\/v2\/types\/post"}],"author":[{"embeddable":true,"href":"https:\/\/www.europesays.com\/pt\/wp-json\/wp\/v2\/users\/2"}],"replies":[{"embeddable":true,"href":"https:\/\/www.europesays.com\/pt\/wp-json\/wp\/v2\/comments?post=108368"}],"version-history":[{"count":0,"href":"https:\/\/www.europesays.com\/pt\/wp-json\/wp\/v2\/posts\/108368\/revisions"}],"wp:featuredmedia":[{"embeddable":true,"href":"https:\/\/www.europesays.com\/pt\/wp-json\/wp\/v2\/media\/108369"}],"wp:attachment":[{"href":"https:\/\/www.europesays.com\/pt\/wp-json\/wp\/v2\/media?parent=108368"}],"wp:term":[{"taxonomy":"category","embeddable":true,"href":"https:\/\/www.europesays.com\/pt\/wp-json\/wp\/v2\/categories?post=108368"},{"taxonomy":"post_tag","embeddable":true,"href":"https:\/\/www.europesays.com\/pt\/wp-json\/wp\/v2\/tags?post=108368"}],"curies":[{"name":"wp","href":"https:\/\/api.w.org\/{rel}","templated":true}]}}