{"id":108376,"date":"2025-10-13T00:24:19","date_gmt":"2025-10-13T00:24:19","guid":{"rendered":"https:\/\/www.europesays.com\/pt\/108376\/"},"modified":"2025-10-13T00:24:19","modified_gmt":"2025-10-13T00:24:19","slug":"projecao-ps-recupera-faro-16-anos-depois","status":"publish","type":"post","link":"https:\/\/www.europesays.com\/pt\/108376\/","title":{"rendered":"Proje\u00e7\u00e3o: PS recupera Faro 16 anos depois"},"content":{"rendered":"<p>\t                PSD arrisca perder uma c\u00e2mara que tem desde 2009<\/p>\n<p style=\"margin-bottom:11px\">Ant\u00f3nio Pina tem vantagem na corrida para presidente da C\u00e2mara Municipal de Faro, de acordo com uma proje\u00e7\u00e3o que resulta de uma parceira Pitag\u00f3rica, ICS, Iscte e GfK para a TVI e CNN Portugal.<\/p>\n<p style=\"margin-bottom:11px\">O candidato do PS est\u00e1 na frente da corrida a Crist\u00f3v\u00e3o Norte, do PSD, e Pedro Pinto, do Chega, no que pode ser a recupera\u00e7\u00e3o uma autarquia perdida pelos socialistas para os sociais-democratas em 2009.<\/p>\n<p>Com uma vota\u00e7\u00e3o entre os 36% e os 41,2%, o socialista melhora substancialmente os 30,58% obtidos em 2021, ano em que o PSD teve maioria absoluta com Rog\u00e9rio Bacalhau, na frente da autarquia nos \u00faltimos oito anos.<\/p>\n<p>Grande aposta para a capital de distrito do Algarve, Crist\u00f3v\u00e3o Norte, do PSD, dever\u00e1 ficar em segundo, obtendo entre 30,9% e 35,9%, sempre abaixo dos 47,76% que valeram a maioria absoluta h\u00e1 quatro anos.<\/p>\n<p>Quanto a Pedro Pinto, l\u00edder parlamentar do Chega que foi o nome escolhido para Faro, a vota\u00e7\u00e3o deve andar entre os 14% e os 17,8%. Apesar de ser bem acima dos 5,13% obtidos h\u00e1 quatro anos.<\/p>\n<p>A CDU, que candidata Duarte Baltazar, dever\u00e1 ter entre 2,4% e 5,4%, enquanto o Bloco de Esquerda e o Livre, que t\u00eam como candidatos Jos\u00e9 Moreira e Adriana Marques Silva, ficar\u00e3o entre os 1% e 3% e os 0,9% e 2,9%, respetivamente.<\/p>\n<p>Mandatos em aberto <\/p>\n<p>Apesar de a proje\u00e7\u00e3o dar vit\u00f3ria a Ant\u00f3nio Pina, a distribui\u00e7\u00e3o de mandatos est\u00e1 igual para os dois candidatos mais votados. PS e PSD ter\u00e3o entre tr\u00eas e cinco mandatos, depois de os socialistas terem tido tr\u00eas e os sociais-democratas seis em 2021.<\/p>\n<p>O Chega conseguir\u00e1 sempre um mandato, podendo at\u00e9 chegar aos dois, o que baralha as contas de um executivo municipal que s\u00f3 tinha dois partidos.<\/p>\n<p>Livre e CDU tamb\u00e9m espreitam a possibilidade de elegerem um vereador.<\/p>\n<p>Ficha t\u00e9cnica <\/p>\n<p>Sondagem Pitag\u00f3rica\/ICS\/ISCTE\/GfK Metris para a TVI\/CNN, realizada no dia 12 de outubro de 2025, com o objetivo de identificar o resultado da vota\u00e7\u00e3o para as elei\u00e7\u00f5es para a C\u00e2mara Municipal em 2025.<\/p>\n<p>Universo constitu\u00eddo por eleitores que participaram no ato eleitoral em Portugal Continental. Com recolha atrav\u00e9s de simula\u00e7\u00e3o de voto em urna, a amostra \u00e9 constitu\u00edda por 36997 entrevistas, recolhidas em 35 freguesias.<\/p>\n<p>A margem de erro m\u00e1xima para um intervalo de confian\u00e7a de 95%, com uma amostra aleat\u00f3ria, \u00e9 de +\/- 0.51%.<\/p>\n","protected":false},"excerpt":{"rendered":"PSD arrisca perder uma c\u00e2mara que tem desde 2009 Ant\u00f3nio Pina tem vantagem na corrida para presidente da&hellip;\n","protected":false},"author":2,"featured_media":82435,"comment_status":"","ping_status":"","sticky":false,"template":"","format":"standard","meta":{"footnotes":""},"categories":[8],"tags":[609,836,20265,611,2431,27,28,1736,607,608,333,832,604,24195,135,610,476,9475,15,16,301,830,14,603,25,26,570,21,22,831,833,62,834,12,13,19,20,835,602,24196,52,32,23,24,455,4579,33,25862,25863,17,18,29,30,31],"class_list":{"0":"post-108376","1":"post","2":"type-post","3":"status-publish","4":"format-standard","5":"has-post-thumbnail","7":"category-principais-noticias","8":"tag-alerta","9":"tag-analise","10":"tag-antonio-pina","11":"tag-ao-minuto","12":"tag-autarquicas-2025","13":"tag-breaking-news","14":"tag-breakingnews","15":"tag-chega","16":"tag-cnn","17":"tag-cnn-portugal","18":"tag-comentadores","19":"tag-costa","20":"tag-crime","21":"tag-cristovao-norte","22":"tag-desporto","23":"tag-direto","24":"tag-economia","25":"tag-faro","26":"tag-featured-news","27":"tag-featurednews","28":"tag-governo","29":"tag-guerra","30":"tag-headlines","31":"tag-justica","32":"tag-latest-news","33":"tag-latestnews","34":"tag-live","35":"tag-main-news","36":"tag-mainnews","37":"tag-mais-vistas","38":"tag-marcelo","39":"tag-mundo","40":"tag-negocios","41":"tag-news","42":"tag-noticias","43":"tag-noticias-principais","44":"tag-noticiasprincipais","45":"tag-opiniao","46":"tag-pais","47":"tag-pedro-pinto","48":"tag-politica","49":"tag-portugal","50":"tag-principais-noticias","51":"tag-principaisnoticias","52":"tag-ps","53":"tag-psd","54":"tag-pt","55":"tag-resultados-das-autarquicas","56":"tag-sondagens-autarquicas","57":"tag-top-stories","58":"tag-topstories","59":"tag-ultimas","60":"tag-ultimas-noticias","61":"tag-ultimasnoticias"},"share_on_mastodon":{"url":"","error":""},"_links":{"self":[{"href":"https:\/\/www.europesays.com\/pt\/wp-json\/wp\/v2\/posts\/108376","targetHints":{"allow":["GET"]}}],"collection":[{"href":"https:\/\/www.europesays.com\/pt\/wp-json\/wp\/v2\/posts"}],"about":[{"href":"https:\/\/www.europesays.com\/pt\/wp-json\/wp\/v2\/types\/post"}],"author":[{"embeddable":true,"href":"https:\/\/www.europesays.com\/pt\/wp-json\/wp\/v2\/users\/2"}],"replies":[{"embeddable":true,"href":"https:\/\/www.europesays.com\/pt\/wp-json\/wp\/v2\/comments?post=108376"}],"version-history":[{"count":0,"href":"https:\/\/www.europesays.com\/pt\/wp-json\/wp\/v2\/posts\/108376\/revisions"}],"wp:featuredmedia":[{"embeddable":true,"href":"https:\/\/www.europesays.com\/pt\/wp-json\/wp\/v2\/media\/82435"}],"wp:attachment":[{"href":"https:\/\/www.europesays.com\/pt\/wp-json\/wp\/v2\/media?parent=108376"}],"wp:term":[{"taxonomy":"category","embeddable":true,"href":"https:\/\/www.europesays.com\/pt\/wp-json\/wp\/v2\/categories?post=108376"},{"taxonomy":"post_tag","embeddable":true,"href":"https:\/\/www.europesays.com\/pt\/wp-json\/wp\/v2\/tags?post=108376"}],"curies":[{"name":"wp","href":"https:\/\/api.w.org\/{rel}","templated":true}]}}